{"id":9546,"date":"2022-07-10T12:14:00","date_gmt":"2022-07-10T15:14:00","guid":{"rendered":"https:\/\/www.toque-musicall.com\/?p=9546"},"modified":"2022-07-21T12:17:54","modified_gmt":"2022-07-21T15:17:54","slug":"a-orquestra-jovem-de-pachequinho-jovem-e-romantico-1969","status":"publish","type":"post","link":"https:\/\/www.toque-musicall.com\/?p=9546","title":{"rendered":"A Orquestra Jovem De Pachequinho &#8211; Jovem E Rom\u00e2ntico (1969)"},"content":{"rendered":"\n<figure class=\"wp-block-image size-large\"><img decoding=\"async\" src=\"https:\/\/blogger.googleusercontent.com\/img\/b\/R29vZ2xl\/AVvXsEh9jxzyC-deewC-hOs3jjfJkbTpSiwMTpXbvUjZGpOTOfyCRA6dB5FI9n9sicEqsLItvIskz1lzcNb6wikeieN985fUxbLlOBSqKQjmFtrtSRXwAG_YXMb56vQNgfRVfhw38qaLStiXVmjY8VlVIFV3QdNiOA_e8VrRHHXOwAcS6bKovGy6C4BOOG1bwg\/w640-h620\/Capturarf.JPG\" alt=\"\"\/><\/figure>\n\n\n\n<figure class=\"wp-block-image size-large\"><img decoding=\"async\" src=\"https:\/\/blogger.googleusercontent.com\/img\/b\/R29vZ2xl\/AVvXsEjaZnku5pvrv1Ii_ciufEmhWMrswitz-mplMa9jdm4D1QmZZa_YRwqUgvird29yCnaGRjLmwbGr-l092J3nhuRC1XwEus-u5OESkz-24rP1ZaMWE4rEaD00bkQ2-diVZtewhVXdesPlhyzLpuRTvcaknOsm8_oqtpWyNjAG-gpA7_e2n81SNleJ_jeowg\/w640-h626\/Capturarb.JPG\" alt=\"\"\/><\/figure>\n\n\n<div class=\"separator\">Boa hora, amigos cultos e ocultos! Correndo contra o tempo, ou a favor dele, aqui vamos n\u00f3s sempre atrasados&#8230; E assim, lan\u00e7ando m\u00e3o dos &#8216;arquivos de gaveta&#8217; e outros tantos que nos s\u00e3o enviados por voc\u00eas. Temos hoje a Orquestra Jovem de Pachequinho, um disco comercial com uma sele\u00e7\u00e3o de sucessos da \u00e9poca, que de uma certa forma reflete o gosto jovem e rom\u00e2ntico daqueles anos 60. O maestro Pachequinho \u00e9 quem comanda os arranjos e a orquestra. Confiram no GTM&#8230;<\/div>\n<div class=\"separator\">\u00a0<\/div>\n<div class=\"separator\">a time for us<\/div>\n<div class=\"separator\">i started a joke<\/div>\n<div class=\"separator\">o amor que n\u00e3o era pra mim<\/div>\n<div class=\"separator\">tentei lhe esquecer<\/div>\n<div class=\"separator\">foi voc\u00ea<\/div>\n<div class=\"separator\">love me do<\/div>\n<div class=\"separator\">sounds of silence<\/div>\n<div class=\"separator\">angel of the morning<\/div>\n<div class=\"separator\">silence is golden<\/div>\n<div class=\"separator\">these eyes<\/div>\n<div class=\"separator\">\u00a0<\/div>\n<div class=\"separator\">\u00a0<\/div>","protected":false},"excerpt":{"rendered":"<p>Boa hora, amigos cultos e ocultos! Correndo contra o tempo, ou a favor dele, aqui vamos n\u00f3s sempre atrasados&#8230; E assim, lan\u00e7ando m\u00e3o dos &#8216;arquivos de gaveta&#8217; e outros tantos que nos s\u00e3o enviados por voc\u00eas. Temos hoje a Orquestra &hellip; <a href=\"https:\/\/www.toque-musicall.com\/?p=9546\">Continue lendo <span class=\"meta-nav\">&rarr;<\/span><\/a><\/p>\n","protected":false},"author":1,"featured_media":0,"comment_status":"closed","ping_status":"closed","sticky":false,"template":"","format":"standard","meta":{"footnotes":""},"categories":[1],"tags":[4406,4123],"class_list":["post-9546","post","type-post","status-publish","format-standard","hentry","category-sem-categoria","tag-pachequinho","tag-selo-parlophone"],"_links":{"self":[{"href":"https:\/\/www.toque-musicall.com\/index.php?rest_route=\/wp\/v2\/posts\/9546","targetHints":{"allow":["GET"]}}],"collection":[{"href":"https:\/\/www.toque-musicall.com\/index.php?rest_route=\/wp\/v2\/posts"}],"about":[{"href":"https:\/\/www.toque-musicall.com\/index.php?rest_route=\/wp\/v2\/types\/post"}],"author":[{"embeddable":true,"href":"https:\/\/www.toque-musicall.com\/index.php?rest_route=\/wp\/v2\/users\/1"}],"replies":[{"embeddable":true,"href":"https:\/\/www.toque-musicall.com\/index.php?rest_route=%2Fwp%2Fv2%2Fcomments&post=9546"}],"version-history":[{"count":1,"href":"https:\/\/www.toque-musicall.com\/index.php?rest_route=\/wp\/v2\/posts\/9546\/revisions"}],"predecessor-version":[{"id":9547,"href":"https:\/\/www.toque-musicall.com\/index.php?rest_route=\/wp\/v2\/posts\/9546\/revisions\/9547"}],"wp:attachment":[{"href":"https:\/\/www.toque-musicall.com\/index.php?rest_route=%2Fwp%2Fv2%2Fmedia&parent=9546"}],"wp:term":[{"taxonomy":"category","embeddable":true,"href":"https:\/\/www.toque-musicall.com\/index.php?rest_route=%2Fwp%2Fv2%2Fcategories&post=9546"},{"taxonomy":"post_tag","embeddable":true,"href":"https:\/\/www.toque-musicall.com\/index.php?rest_route=%2Fwp%2Fv2%2Ftags&post=9546"}],"curies":[{"name":"wp","href":"https:\/\/api.w.org\/{rel}","templated":true}]}}