{"id":9551,"date":"2022-07-12T08:27:00","date_gmt":"2022-07-12T11:27:00","guid":{"rendered":"https:\/\/www.toque-musicall.com\/?p=9551"},"modified":"2022-07-24T08:31:52","modified_gmt":"2022-07-24T11:31:52","slug":"natan-marques-ricardo-leao-comboio-1992","status":"publish","type":"post","link":"https:\/\/www.toque-musicall.com\/?p=9551","title":{"rendered":"Natan Marques &#038; Ricardo Le\u00e3o &#8211; Comboio (1992)"},"content":{"rendered":"\n<p><\/p>\n\n\n\n<figure class=\"wp-block-image size-large\"><img decoding=\"async\" src=\"https:\/\/blogger.googleusercontent.com\/img\/b\/R29vZ2xl\/AVvXsEiu54oqFKStkwKlSPhGZLY8u7nDVY80iYRYvL15h0OUPhA54E1xb8Nog0Cat6w5bVXdQuLN4Hfl2CWpTyYrxscGhxnJ27pSIakAaWfb7T_0cMwFmM-snrVwMAlxzVhUIBxRi8A6sqexMKsipHUpYVIwvAFwWgd8KWPT6I3Wo_JnVJUJ2iSNU0LYywCzcg\/w640-h638\/capa%20p.JPG\" alt=\"\"\/><\/figure>\n\n\n\n<figure class=\"wp-block-image size-large\"><img decoding=\"async\" src=\"https:\/\/blogger.googleusercontent.com\/img\/b\/R29vZ2xl\/AVvXsEhN1prGgZkWd2x2riePPJmcP384vXAAMKHjxOjDpMWCh9SR5fpuQjw3WVdvyq76uZCK_6pV5qH6pXQhJgKnetZzi2yvKhZSj_kCFTF3r6cbe0Fdo_ZXiYfftyz1J1Fu4i8VK07y4vsvccBsyl0vv4koyRl-CHdcHHpMOsv6nL1cb_xEoqYuOBWL2ZjFdA\/w640-h638\/contracapap.jpg\" alt=\"\"\/><\/figure>\n\n\n<div class=\"separator\">Boa tarde, prezados amigos cultos e ocultos! Seguindo aqui, hoje temos m\u00fasica instrumental. Andei recebendo alguns lps, pensei logo em postar. Mas cad\u00ea o tempo para sentar, ouvir e mais ainda, digitalizar, editar o \u00e1udio e ainda fotografar e editar as capinhas? Por sorte, j\u00e1 tenho aqui alguns deles, baixados de outros velhos blogs e assim iremos compondo nossas postagens em atraso.<\/div>\n<div class=\"separator\">Ent\u00e3o, temos nesta postagem um feliz encontro de dois grandes instrumentistas, o violonista Natan Marques e o pianista Ricardo Le\u00e3o. &#8220;Comboio&#8221;, lp lan\u00e7ado em 1992 pelo selo Som da Gente foi tamb\u00e9m editado na Europa. \u00c1lbum todo autoral, exceto pela faixa &#8220;Disparada&#8221;, de Theo de Barros e Geraldo Vandr\u00e9, m\u00fasica essa, por sinal, em que eles d\u00e3o um show. Na verdade, o disco todo \u00e9 um show de qualidade. Natan e Ricardo ainda trazem um time de apoio impec\u00e1vel. Vale a pena conhecer&#8230;.<\/div>\n<div class=\"separator\">\u00a0<\/div>\n<div class=\"separator\">goiania<\/div>\n<div class=\"separator\">luz e fogueira<\/div>\n<div class=\"separator\">chegando junto<\/div>\n<div class=\"separator\">fantasma<\/div>\n<div class=\"separator\">leblon<\/div>\n<div class=\"separator\">comboio<\/div>\n<div class=\"separator\">beer<\/div>\n<div class=\"separator\">caminhos<\/div>\n<div class=\"separator\">tacando a tinta<\/div>\n<div class=\"separator\">disparada<\/div>\n<div class=\"separator\">\u00a0<\/div>\n<div class=\"separator\">\u00a0<\/div>\n<div class=\"separator\">.<\/div>","protected":false},"excerpt":{"rendered":"<p>Boa tarde, prezados amigos cultos e ocultos! Seguindo aqui, hoje temos m\u00fasica instrumental. Andei recebendo alguns lps, pensei logo em postar. Mas cad\u00ea o tempo para sentar, ouvir e mais ainda, digitalizar, editar o \u00e1udio e ainda fotografar e editar &hellip; <a href=\"https:\/\/www.toque-musicall.com\/?p=9551\">Continue lendo <span class=\"meta-nav\">&rarr;<\/span><\/a><\/p>\n","protected":false},"author":1,"featured_media":0,"comment_status":"closed","ping_status":"closed","sticky":false,"template":"","format":"standard","meta":{"footnotes":""},"categories":[5213,5214],"tags":[5215,5216,3283],"class_list":["post-9551","post","type-post","status-publish","format-standard","hentry","category-natan-marques","category-ricardo-leao","tag-natan-marques","tag-ricardo-leao","tag-selo-som-da-gente"],"_links":{"self":[{"href":"https:\/\/www.toque-musicall.com\/index.php?rest_route=\/wp\/v2\/posts\/9551","targetHints":{"allow":["GET"]}}],"collection":[{"href":"https:\/\/www.toque-musicall.com\/index.php?rest_route=\/wp\/v2\/posts"}],"about":[{"href":"https:\/\/www.toque-musicall.com\/index.php?rest_route=\/wp\/v2\/types\/post"}],"author":[{"embeddable":true,"href":"https:\/\/www.toque-musicall.com\/index.php?rest_route=\/wp\/v2\/users\/1"}],"replies":[{"embeddable":true,"href":"https:\/\/www.toque-musicall.com\/index.php?rest_route=%2Fwp%2Fv2%2Fcomments&post=9551"}],"version-history":[{"count":1,"href":"https:\/\/www.toque-musicall.com\/index.php?rest_route=\/wp\/v2\/posts\/9551\/revisions"}],"predecessor-version":[{"id":9552,"href":"https:\/\/www.toque-musicall.com\/index.php?rest_route=\/wp\/v2\/posts\/9551\/revisions\/9552"}],"wp:attachment":[{"href":"https:\/\/www.toque-musicall.com\/index.php?rest_route=%2Fwp%2Fv2%2Fmedia&parent=9551"}],"wp:term":[{"taxonomy":"category","embeddable":true,"href":"https:\/\/www.toque-musicall.com\/index.php?rest_route=%2Fwp%2Fv2%2Fcategories&post=9551"},{"taxonomy":"post_tag","embeddable":true,"href":"https:\/\/www.toque-musicall.com\/index.php?rest_route=%2Fwp%2Fv2%2Ftags&post=9551"}],"curies":[{"name":"wp","href":"https:\/\/api.w.org\/{rel}","templated":true}]}}