{"id":9557,"date":"2022-07-15T08:38:00","date_gmt":"2022-07-15T11:38:00","guid":{"rendered":"https:\/\/www.toque-musicall.com\/?p=9557"},"modified":"2022-09-11T09:09:47","modified_gmt":"2022-09-11T12:09:47","slug":"nora-ney-eu-sou-nora-ney-e-canto-1957","status":"publish","type":"post","link":"https:\/\/www.toque-musicall.com\/?p=9557","title":{"rendered":"Nora Ney &#8211; Eu Sou Nora Ney E Canto (1957)"},"content":{"rendered":"\n<p><\/p>\n\n\n\n<p>.<\/p>\n\n\n\n<figure class=\"wp-block-image size-large\"><img decoding=\"async\" src=\"https:\/\/blogger.googleusercontent.com\/img\/b\/R29vZ2xl\/AVvXsEgSI7JwLWBOFcLUqsOFXKF0Z91EJhl-FPwPflAkmTrLt4Ur1vkWCSF1qOwrZjV5eRdYqPJw537Pqa-4ra-dSmjWgOj1yJh1gOb54jfarBzuWpocui2DVsbvNs7rvb0k4zs7TI4xjGDHvZH_k0rFaHbGbvE_aEXwqfytbRFSdfD2yvy8XkvmPZyxli9FEQ\/w640-h630\/EU%20SOU%20NORA%20NEY%20%20%20...%20E%20CANTO%20%20%20CAPA%20(3).jpg\" alt=\"\"\/><\/figure>\n\n\n\n<figure class=\"wp-block-image size-large\"><img decoding=\"async\" src=\"https:\/\/blogger.googleusercontent.com\/img\/b\/R29vZ2xl\/AVvXsEg7YPmpF6piEk1vgBC9JV_NkI2Wv8qSsMGj7R_1vOSdMUCmNoEsl4B-VoWrkGv1pKWY1Te4ZEqKf5M3Le_pjGpTxG5fKq3VitftyJOGiW3pK_4MIk2VEDaVjgfZRNC-6yGSdjW7iOvIWXNRSD8VYQ0cc4gTT8Br9yTZ2Kzt1AmTF89hxTgEU9RAfAGktw\/w640-h632\/EU%20SOU%20NORA%20NEY%20%20%20...%20E%20CANTO%20%20%20CAPA%20(4).jpg\" alt=\"\"\/><\/figure>\n\n\n<div class=\"separator\">Bom dia, amigos cultos e ocultos! Hoje o nosso encontro \u00e9 com a cantora Nara Ney, presente em nosso Toque Musical j\u00e1 em diversos outros discos. Pensei at\u00e9 que j\u00e1 havia postado este disco e j\u00e1 estava passando batido por aqui, mas felizmente eu confirmei e agora vamos a ele. Por certo, boa parte das m\u00fasicas contidas neste lp de 10 polegadas j\u00e1 foram apresentadas aqui, principalmente na nossa s\u00e9rie exclusiva, Grand Record Brazil, que s\u00f3 findou por conta do falecimento de nosso amigo Samuca, respons\u00e1vel pelos textos. Enfim, temos aqui Nora Ney neste disco que re\u00fane fonogramas extra\u00eddos de seus discos em 78 rpm, gravados na Continental. Por certo, um disco cheio de cl\u00e1ssicos e definitivamente uma das melhores cantoras da m\u00fasica rom\u00e2ntica, de &#8216;dor de cotovelo&#8217;. Bel\u00edssimo disco que dentro de um contexto hist\u00f3rico, d\u00e1 de dez a zero nessas aberra\u00e7\u00f5es de &#8216;sofren\u00e7a&#8217; que hoje vemos por a\u00ed, geralmente, nesse lixo que chamam de m\u00fasica sertaneja-mela-cueca. Coisa que todo novo rico adora. Meus deuses, como faz falta a cultura musical! Como faz falta at\u00e9 mesmo um blog como esse, o nosso Toque Musical. Enfim, como j\u00e1 dizia uma famosa banda punk: &#8220;bad music for bad people&#8221;. Gosto n\u00e3o se discute, lamenta-se&#8230; hehehe&#8230;\u00a0<\/div>\n<div class=\"separator\">\u00a0<\/div>\n<div class=\"separator\">saudade da bahia<\/div>\n<div class=\"separator\">de cigarro em cigarro<\/div>\n<div class=\"separator\">\u00e9 t\u00e3o gostoso, seu mo\u00e7o<\/div>\n<div class=\"separator\">se&#8230;<\/div>\n<div class=\"separator\">franqueza<\/div>\n<div class=\"separator\">chove l\u00e1 fora<\/div>\n<div class=\"separator\">bar da noite<\/div>\n<div class=\"separator\">risque<\/div>\n<div class=\"separator\">\u00a0<\/div>\n<div class=\"separator\">\u00a0<\/div>","protected":false},"excerpt":{"rendered":"<p>. Bom dia, amigos cultos e ocultos! Hoje o nosso encontro \u00e9 com a cantora Nara Ney, presente em nosso Toque Musical j\u00e1 em diversos outros discos. Pensei at\u00e9 que j\u00e1 havia postado este disco e j\u00e1 estava passando batido &hellip; <a href=\"https:\/\/www.toque-musicall.com\/?p=9557\">Continue lendo <span class=\"meta-nav\">&rarr;<\/span><\/a><\/p>\n","protected":false},"author":1,"featured_media":0,"comment_status":"closed","ping_status":"closed","sticky":false,"template":"","format":"standard","meta":{"footnotes":""},"categories":[160,40,1],"tags":[4678,3327],"class_list":["post-9557","post","type-post","status-publish","format-standard","hentry","category-nora-ney","category-selo-continental","category-sem-categoria","tag-nora-ney","tag-selo-continental"],"_links":{"self":[{"href":"https:\/\/www.toque-musicall.com\/index.php?rest_route=\/wp\/v2\/posts\/9557","targetHints":{"allow":["GET"]}}],"collection":[{"href":"https:\/\/www.toque-musicall.com\/index.php?rest_route=\/wp\/v2\/posts"}],"about":[{"href":"https:\/\/www.toque-musicall.com\/index.php?rest_route=\/wp\/v2\/types\/post"}],"author":[{"embeddable":true,"href":"https:\/\/www.toque-musicall.com\/index.php?rest_route=\/wp\/v2\/users\/1"}],"replies":[{"embeddable":true,"href":"https:\/\/www.toque-musicall.com\/index.php?rest_route=%2Fwp%2Fv2%2Fcomments&post=9557"}],"version-history":[{"count":1,"href":"https:\/\/www.toque-musicall.com\/index.php?rest_route=\/wp\/v2\/posts\/9557\/revisions"}],"predecessor-version":[{"id":9558,"href":"https:\/\/www.toque-musicall.com\/index.php?rest_route=\/wp\/v2\/posts\/9557\/revisions\/9558"}],"wp:attachment":[{"href":"https:\/\/www.toque-musicall.com\/index.php?rest_route=%2Fwp%2Fv2%2Fmedia&parent=9557"}],"wp:term":[{"taxonomy":"category","embeddable":true,"href":"https:\/\/www.toque-musicall.com\/index.php?rest_route=%2Fwp%2Fv2%2Fcategories&post=9557"},{"taxonomy":"post_tag","embeddable":true,"href":"https:\/\/www.toque-musicall.com\/index.php?rest_route=%2Fwp%2Fv2%2Ftags&post=9557"}],"curies":[{"name":"wp","href":"https:\/\/api.w.org\/{rel}","templated":true}]}}