{"id":956,"date":"2010-01-22T20:27:00","date_gmt":"2010-01-22T20:27:00","guid":{"rendered":"http:\/\/www.toque-musicall.com\/?p=956"},"modified":"2010-01-22T20:27:00","modified_gmt":"2010-01-22T20:27:00","slug":"eliane-salek-baioro-1985","status":"publish","type":"post","link":"https:\/\/www.toque-musicall.com\/?p=956","title":{"rendered":"Eliane Salek &#8211; Bai\u00f4ro (1985)"},"content":{"rendered":"<p><a href=\"http:\/\/3.bp.blogspot.com\/_DSKVEvHtskc\/S1oT0WFZFQI\/AAAAAAAAGFA\/vUT2pZhywvE\/s1600-h\/eliane+P.JPG\"><img decoding=\"async\" style=\"display:block; margin:0px auto 10px; text-align:center;cursor:pointer; cursor:hand;width: 400px; height: 400px;\" src=\"http:\/\/3.bp.blogspot.com\/_DSKVEvHtskc\/S1oT0WFZFQI\/AAAAAAAAGFA\/vUT2pZhywvE\/s400\/eliane+P.JPG\" border=\"0\" alt=\"\" id=\"BLOGGER_PHOTO_ID_5429674090750874882\" \/><\/a>Ol\u00e1 amigos cultos e ocultos! Deixa eu aproveitar aqui a pausa para o caf\u00e9 e fazer logo nossa postagem do dia, antes que o tempo me engula e o sono me ponha a nocaute nos \u00faltimos minutos. Hoje \u00e9 dia de disco\/artista independente. Ca\u00e7ando daqui e dali, cheguei \u00e0 Eliane Salek. Eis aqui um nome, de uma certa forma, conhecido do p\u00fablico em geral. Poucos tem o prazer de conhecer o talento desta artista. Eliane Salek \u00e9 uma das poucas mulheres no cen\u00e1rio musical brasileiro com um variado leque de atua\u00e7\u00e3o art\u00edstico. Ela \u00e9 cantora, compositora, arranjadora e instrumentista. Toca excepcionalmente bem o piano e a flauta. Uma musicista de forma\u00e7\u00e3o erudita, mas fortemente influenciada pela m\u00fasica popular, por onde transita com grande desenvoltura. \u00c9 considerada uma artista do jazz, mas uma de suas grandes paix\u00f5es \u00e9 o choro. At\u00e9 onde eu sei, ela gravou apenas dois discos. Mesmo assim \u00e9 uma artista de reconhecimento internacional e possui um curr\u00edculo invej\u00e1vel.<\/p>\n<div>&#8220;Bai\u00f4ro&#8221; foi seu \u00e1lbum de estr\u00e9ia, uma produ\u00e7\u00e3o independente lan\u00e7ada na d\u00e9cada de 80. Segundo Eliane, &#8220;Bai\u00f4ro \u00e9 mais que um fus\u00e3o dos ritmos, bai\u00e3o com o choro. \u00c9 uma fus\u00e3o de linguagens e estilos&#8230;&#8221; uma mistura de todas as suas influ\u00eancias. Sem d\u00favida, \u00e9 um disco que contempla al\u00e9m de bel\u00edssimas composi\u00e7\u00f5es pr\u00f3prias, m\u00fasicas de Gershwin, Michel Legrand, Zequinha de Abreu e Luiz Gonzaga. Somando a tudo isso temos ainda uma turma de m\u00fasicos excelentes como Romero Lubambo, Nilton Rodrigues, Raul Mascarenhas e muitos outros. Ta\u00ed, um disquinho bacana, vamos conferir? \ud83d\ude09<\/div>\n<div><\/div>\n<div style=\"text-align: center;\">bai\u00f4ro<\/div>\n<div style=\"text-align: center;\">tico tico no fub\u00e1<\/div>\n<div style=\"text-align: center;\">ver\u00e3o 42<\/div>\n<div style=\"text-align: center;\">dia de festa<\/div>\n<div style=\"text-align: center;\">o xote das meninas<\/div>\n<div style=\"text-align: center;\">pra brincar<\/div>\n<div style=\"text-align: center;\">summertime<\/div>\n<div style=\"text-align: center;\">valsa triste<\/div>\n<div style=\"text-align: center;\">on the sunny side of the street<\/div>\n<div style=\"text-align: center;\"><\/div>\n<div style=\"text-align: center;\"><\/div>\n","protected":false},"excerpt":{"rendered":"<p>Ol\u00e1 amigos cultos e ocultos! Deixa eu aproveitar aqui a pausa para o caf\u00e9 e fazer logo nossa postagem do dia, antes que o tempo me engula e o sono me ponha a nocaute nos \u00faltimos minutos. Hoje \u00e9 dia &hellip; <a href=\"https:\/\/www.toque-musicall.com\/?p=956\">Continue lendo <span class=\"meta-nav\">&rarr;<\/span><\/a><\/p>\n","protected":false},"author":1,"featured_media":0,"comment_status":"open","ping_status":"closed","sticky":false,"template":"","format":"standard","meta":{"footnotes":""},"categories":[1269],"tags":[],"class_list":["post-956","post","type-post","status-publish","format-standard","hentry","category-eliane-salek"],"_links":{"self":[{"href":"https:\/\/www.toque-musicall.com\/index.php?rest_route=\/wp\/v2\/posts\/956","targetHints":{"allow":["GET"]}}],"collection":[{"href":"https:\/\/www.toque-musicall.com\/index.php?rest_route=\/wp\/v2\/posts"}],"about":[{"href":"https:\/\/www.toque-musicall.com\/index.php?rest_route=\/wp\/v2\/types\/post"}],"author":[{"embeddable":true,"href":"https:\/\/www.toque-musicall.com\/index.php?rest_route=\/wp\/v2\/users\/1"}],"replies":[{"embeddable":true,"href":"https:\/\/www.toque-musicall.com\/index.php?rest_route=%2Fwp%2Fv2%2Fcomments&post=956"}],"version-history":[{"count":0,"href":"https:\/\/www.toque-musicall.com\/index.php?rest_route=\/wp\/v2\/posts\/956\/revisions"}],"wp:attachment":[{"href":"https:\/\/www.toque-musicall.com\/index.php?rest_route=%2Fwp%2Fv2%2Fmedia&parent=956"}],"wp:term":[{"taxonomy":"category","embeddable":true,"href":"https:\/\/www.toque-musicall.com\/index.php?rest_route=%2Fwp%2Fv2%2Fcategories&post=956"},{"taxonomy":"post_tag","embeddable":true,"href":"https:\/\/www.toque-musicall.com\/index.php?rest_route=%2Fwp%2Fv2%2Ftags&post=956"}],"curies":[{"name":"wp","href":"https:\/\/api.w.org\/{rel}","templated":true}]}}