{"id":9569,"date":"2022-07-20T09:29:00","date_gmt":"2022-07-20T12:29:00","guid":{"rendered":"https:\/\/www.toque-musicall.com\/?p=9569"},"modified":"2022-07-28T09:33:12","modified_gmt":"2022-07-28T12:33:12","slug":"os-3-morais-1973","status":"publish","type":"post","link":"https:\/\/www.toque-musicall.com\/?p=9569","title":{"rendered":"Os 3 Morais (1973)"},"content":{"rendered":"\n<figure class=\"wp-block-image size-large\"><img decoding=\"async\" src=\"https:\/\/blogger.googleusercontent.com\/img\/b\/R29vZ2xl\/AVvXsEhpOBv4zfpjN7LFS2sTkYpLbjhsuYqdepVnBHSWilHbg2fvAeel50cznULqTbo76CvDkgmH98dNRNoSCB0nHfHIf3qhnmP8ugsc0I3g_lsk_um7V0PdBS66mSL3mTgoREvoxH6H7Y1vqYS2V3dkEIgRtfhBqD0WchqZOHTSz657EIj2XKSsGoXL94YeJg\/w640-h638\/Capturar.JPG\" alt=\"\"\/><\/figure>\n\n\n\n<figure class=\"wp-block-image size-large\"><img decoding=\"async\" src=\"https:\/\/blogger.googleusercontent.com\/img\/b\/R29vZ2xl\/AVvXsEigbzSsWl93q7l5gaxyJH16bsHHUxrabekT8k7a5WNSPkzFPnqxeQw62R_GDtGoYAfnqUOKKrYHdkrQZRbM9Hfvp_52FTXIutH83In5ksIhUSU4_cjO9vHjbesjnmUGa_ZmOkzUv7231uNaeOWLUGovlUkA9et9eTlJNHWP8dBFWfGNp9QJzJNd_zxdZA\/w640-h638\/Capturarb.JPG\" alt=\"\"\/><\/figure>\n\n\n<div class=\"separator\">Boa hora, amigos cultos e ocultos! Hoje o nosso encontro \u00e9 com o trio vocal, Os Tr\u00eas Morais, grupo formado pelos irm\u00e3os Jane, Sidney e Roberto. Iniciaram nos anos 60 gravando jingles para comerciais de r\u00e1dio e tv. Atuaram na m\u00fasica erudita e depois popular, participando de programas de televis\u00e3o e se destacaram tamb\u00e9m nos festivais. Gravaram alguns lps, sendo este o terceiro, quando ent\u00e3o Jane sai do grupo para formar dupla com o marido, Herondy Bueno (Jane &amp; Herondy). O trio ainda gravou mais um disco com uma outra cantora. Neste lp temos um repert\u00f3rio bem bacana, inclusive com m\u00fasicas autorais. Vale a pena conferir \ud83d\ude09<\/div>\n<div class=\"separator\">\u00a0<\/div>\n<div class=\"separator\">al\u00e9m<\/div>\n<div class=\"separator\">fim de ver\u00e3o<\/div>\n<div class=\"separator\">como el fez en el gaa<\/div>\n<div class=\"separator\">rosa poesia poema<\/div>\n<div class=\"separator\">marinherio<\/div>\n<div class=\"separator\">autom\u00f3vel<\/div>\n<div class=\"separator\">cartas fotografias<\/div>\n<div class=\"separator\">sou eu<\/div>\n<div class=\"separator\">sele\u00e7\u00e3o baden powe\u00e7\u00e7<\/div>\n<div class=\"separator\">sele\u00e7\u00e3o noel rosa<\/div>\n<div class=\"separator\">\u00a0<\/div>\n<div class=\"separator\">\u00a0<\/div>\n<div class=\"separator\">.<\/div>","protected":false},"excerpt":{"rendered":"<p>Boa hora, amigos cultos e ocultos! Hoje o nosso encontro \u00e9 com o trio vocal, Os Tr\u00eas Morais, grupo formado pelos irm\u00e3os Jane, Sidney e Roberto. Iniciaram nos anos 60 gravando jingles para comerciais de r\u00e1dio e tv. Atuaram na &hellip; <a href=\"https:\/\/www.toque-musicall.com\/?p=9569\">Continue lendo <span class=\"meta-nav\">&rarr;<\/span><\/a><\/p>\n","protected":false},"author":1,"featured_media":0,"comment_status":"closed","ping_status":"closed","sticky":false,"template":"","format":"standard","meta":{"footnotes":""},"categories":[1],"tags":[5225,3327],"class_list":["post-9569","post","type-post","status-publish","format-standard","hentry","category-sem-categoria","tag-os-tres-morais","tag-selo-continental"],"_links":{"self":[{"href":"https:\/\/www.toque-musicall.com\/index.php?rest_route=\/wp\/v2\/posts\/9569","targetHints":{"allow":["GET"]}}],"collection":[{"href":"https:\/\/www.toque-musicall.com\/index.php?rest_route=\/wp\/v2\/posts"}],"about":[{"href":"https:\/\/www.toque-musicall.com\/index.php?rest_route=\/wp\/v2\/types\/post"}],"author":[{"embeddable":true,"href":"https:\/\/www.toque-musicall.com\/index.php?rest_route=\/wp\/v2\/users\/1"}],"replies":[{"embeddable":true,"href":"https:\/\/www.toque-musicall.com\/index.php?rest_route=%2Fwp%2Fv2%2Fcomments&post=9569"}],"version-history":[{"count":1,"href":"https:\/\/www.toque-musicall.com\/index.php?rest_route=\/wp\/v2\/posts\/9569\/revisions"}],"predecessor-version":[{"id":9570,"href":"https:\/\/www.toque-musicall.com\/index.php?rest_route=\/wp\/v2\/posts\/9569\/revisions\/9570"}],"wp:attachment":[{"href":"https:\/\/www.toque-musicall.com\/index.php?rest_route=%2Fwp%2Fv2%2Fmedia&parent=9569"}],"wp:term":[{"taxonomy":"category","embeddable":true,"href":"https:\/\/www.toque-musicall.com\/index.php?rest_route=%2Fwp%2Fv2%2Fcategories&post=9569"},{"taxonomy":"post_tag","embeddable":true,"href":"https:\/\/www.toque-musicall.com\/index.php?rest_route=%2Fwp%2Fv2%2Ftags&post=9569"}],"curies":[{"name":"wp","href":"https:\/\/api.w.org\/{rel}","templated":true}]}}