{"id":957,"date":"2010-01-21T21:41:00","date_gmt":"2010-01-21T21:41:00","guid":{"rendered":"http:\/\/www.toque-musicall.com\/?p=957"},"modified":"2010-01-21T21:41:00","modified_gmt":"2010-01-21T21:41:00","slug":"waldir-calmon-e-seu-novo-feito-para-dancar-c-1961","status":"publish","type":"post","link":"https:\/\/www.toque-musicall.com\/?p=957","title":{"rendered":"Waldir Calmon E Seu Novo Feito Para Dan\u00e7ar &#8216;C&#8217; (1961)"},"content":{"rendered":"<p><a href=\"http:\/\/3.bp.blogspot.com\/_DSKVEvHtskc\/S1jLGHuogAI\/AAAAAAAAGEs\/3B1jlnqGTMg\/s1600-h\/wc+P.JPG\"><img decoding=\"async\" style=\"display:block; margin:0px auto 10px; text-align:center;cursor:pointer; cursor:hand;width: 399px; height: 400px;\" src=\"http:\/\/3.bp.blogspot.com\/_DSKVEvHtskc\/S1jLGHuogAI\/AAAAAAAAGEs\/3B1jlnqGTMg\/s400\/wc+P.JPG\" border=\"0\" alt=\"\" id=\"BLOGGER_PHOTO_ID_5429312656809426946\" \/><\/a>Putz! Que diazinho duro esse. Fico pensando se hoje ainda terei tempo para mim mesmo. Tem gente que acha que s\u00f3 a terapia do blog j\u00e1 est\u00e1 de bom tamanho, mas nem isso eu conseguir fazer at\u00e9 agora. E sinceramente, j\u00e1 nem estou com muito tes\u00e3o de fazer a postagem. Mas por honra da firma, em nome da palavra compromisso e para n\u00e3o quebrar o di\u00e1rio, aqui estou eu. <\/p>\n<div>Eu nada, quem est\u00e1 aqui e mais uma vez o Waldir Calmon. A cada dia gosto mais desse cara e seus discos. Estou come\u00e7ando a descobrir um lado dele que eu at\u00e9 ent\u00e3o n\u00e3o conhecia. Na verdade eu n\u00e3o conhecia era lado nenhum. O \u00e1lbum que eu agora apresento ainda era in\u00e9dito aos meus ouvidos. Fiquei encantado, muito legal&#8230; \u00c9 por isso que eu digo, a gente tem que aprender a ouvir m\u00fasica com outros olhos. Ta\u00ed um disco, que fala quase tudo pelo t\u00edtulo, feito para dan\u00e7ar. Mas tamb\u00e9m, e principalmente nos dias de hoje, ele \u00e9 feito para se ouvir. J\u00e1 na primeira faixa temos a curiosa &#8220;Brigitte&#8221;, um cha cha cha incrementado com aquela famosa est\u00f3ria, uma cr\u00f4nica de Paulo Mendes Campos, &#8220;Chatear e Encher&#8221;. Ou seria o escritor quem transformou em cr\u00f4nica a piadinha em &#8220;Brigitte&#8221;? Ta\u00ed uma coisa que eu gostaria de saber. Outra faixa interessante vem a seguir, &#8220;Las secretarias&#8221;, essa m\u00fasica se tornou um cl\u00e1ssico do g\u00eanero e at\u00e9 hoje se escuta o seu eco. O &#8216;cha-cha-cha&#8217; corre solto na sequ\u00eancia em mais duas faixas, &#8220;Makin&#8217; love&#8221; e &#8220;Cha-Cha-Cha Latino. As outras duas faixas finais d\u00e3o uma esfriada no balan\u00e7o, mas a peteca n\u00e3o ca\u00ed n\u00e3o. No lado B, o ritmo do samba restabelece a ginga. Sem separa\u00e7\u00e3o de faixas, a agulha corre direto da margem ao centro do disco. Mas eu resolvi n\u00e3o obedecer essa estrutura e separei o &#8216;pot-pourri&#8217; (ou pout-pourri?) em faixas, para o acesso direto a um determinada m\u00fasica. Ta\u00ed um disco bacana, at\u00e9 mesmo na capa. Muito boa, n\u00e3o?<\/div>\n<div><\/div>\n<div style=\"text-align: center;\">brigitte<\/div>\n<div style=\"text-align: center;\">las secretarias <\/div>\n<div style=\"text-align: center;\">makin&#8217; love<\/div>\n<div style=\"text-align: center;\">cha cha cha latino<\/div>\n<div style=\"text-align: center;\">il nostro concerto<\/div>\n<div style=\"text-align: center;\">exodus<\/div>\n<div style=\"text-align: center;\">contos dos bosques de viena<\/div>\n<div style=\"text-align: center;\">stranger im paradise<\/div>\n<div style=\"text-align: center;\">abre a janela<\/div>\n<div style=\"text-align: center;\">mattinatta<\/div>\n<div style=\"text-align: center;\">batuque no morro<\/div>\n<div style=\"text-align: center;\">samba na gafieira<\/div>\n<div style=\"text-align: center;\"><\/div>\n<div style=\"text-align: center;\"><\/div>\n","protected":false},"excerpt":{"rendered":"<p>Putz! Que diazinho duro esse. Fico pensando se hoje ainda terei tempo para mim mesmo. Tem gente que acha que s\u00f3 a terapia do blog j\u00e1 est\u00e1 de bom tamanho, mas nem isso eu conseguir fazer at\u00e9 agora. E sinceramente, &hellip; <a href=\"https:\/\/www.toque-musicall.com\/?p=957\">Continue lendo <span class=\"meta-nav\">&rarr;<\/span><\/a><\/p>\n","protected":false},"author":1,"featured_media":0,"comment_status":"open","ping_status":"closed","sticky":false,"template":"","format":"standard","meta":{"footnotes":""},"categories":[665],"tags":[],"class_list":["post-957","post","type-post","status-publish","format-standard","hentry","category-waldir-calmon"],"_links":{"self":[{"href":"https:\/\/www.toque-musicall.com\/index.php?rest_route=\/wp\/v2\/posts\/957","targetHints":{"allow":["GET"]}}],"collection":[{"href":"https:\/\/www.toque-musicall.com\/index.php?rest_route=\/wp\/v2\/posts"}],"about":[{"href":"https:\/\/www.toque-musicall.com\/index.php?rest_route=\/wp\/v2\/types\/post"}],"author":[{"embeddable":true,"href":"https:\/\/www.toque-musicall.com\/index.php?rest_route=\/wp\/v2\/users\/1"}],"replies":[{"embeddable":true,"href":"https:\/\/www.toque-musicall.com\/index.php?rest_route=%2Fwp%2Fv2%2Fcomments&post=957"}],"version-history":[{"count":0,"href":"https:\/\/www.toque-musicall.com\/index.php?rest_route=\/wp\/v2\/posts\/957\/revisions"}],"wp:attachment":[{"href":"https:\/\/www.toque-musicall.com\/index.php?rest_route=%2Fwp%2Fv2%2Fmedia&parent=957"}],"wp:term":[{"taxonomy":"category","embeddable":true,"href":"https:\/\/www.toque-musicall.com\/index.php?rest_route=%2Fwp%2Fv2%2Fcategories&post=957"},{"taxonomy":"post_tag","embeddable":true,"href":"https:\/\/www.toque-musicall.com\/index.php?rest_route=%2Fwp%2Fv2%2Ftags&post=957"}],"curies":[{"name":"wp","href":"https:\/\/api.w.org\/{rel}","templated":true}]}}