{"id":9571,"date":"2022-07-21T09:33:00","date_gmt":"2022-07-21T12:33:00","guid":{"rendered":"https:\/\/www.toque-musicall.com\/?p=9571"},"modified":"2022-07-28T09:35:13","modified_gmt":"2022-07-28T12:35:13","slug":"lucio-alves-interpreta-dolores-duran-1960","status":"publish","type":"post","link":"https:\/\/www.toque-musicall.com\/?p=9571","title":{"rendered":"L\u00facio Alves &#8211; Interpreta Dolores Duran (1960)"},"content":{"rendered":"\n<figure class=\"wp-block-image size-large\"><img decoding=\"async\" src=\"https:\/\/blogger.googleusercontent.com\/img\/b\/R29vZ2xl\/AVvXsEgr7uf2FOTxPvxGRYaxFTSEYnaW9VPrd5WpznA_00HRY2A4aAX3uCJZRffX_jd1-qro5194o3yzgobSFDi517e0w9GJfLiveWHoAzm4TAPoJb6eAVjV3Ol3NlpyoBZ1ZijQMfSQ-Y_5pi2CBz8Xk_3pVXo59hz0tVXdkvmzclWo_oCcrUCLVlvDg29Y7A\/w640-h628\/Capturar.JPG\" alt=\"\"\/><\/figure>\n\n\n\n<figure class=\"wp-block-image size-large\"><img decoding=\"async\" src=\"https:\/\/blogger.googleusercontent.com\/img\/b\/R29vZ2xl\/AVvXsEi_FcqZ6_jPCojdObhwz_Q_LIdZOd1w4HntIUgrHMfdf9HcYH41JOIs_JFyiQZEtCJ4QYocf4Ajv4MdYOJQ84nDTixvm9PagjXOzzA_QKay3JWalmL3pyyN-v_TDYTBuOkNNhZdFm3r7uS8khWFsHQQiIg188ymoZ6gJAXVpPfC3tB5H9qhSOBta5waCg\/w638-h640\/Capturarb.JPG\" alt=\"\"\/><\/figure>\n\n\n<div class=\"separator\">Bom dia, caros amigos cultos e ocultos! Olha a\u00ed mais um disco para as nossas fileiras&#8230; Hoje temos um encontro com L\u00facio Alves e Dolores Duran, na segunda vers\u00e3o de um lp originalmente lan\u00e7ado em 1960 e cujo o qual n\u00f3s j\u00e1 apresentamos aqui no Toque Musical. Como se trata de um disco dos mais bacanas, n\u00e3o seria pecado repetir a dose, at\u00e9 porque este \u00e9 uma nova vers\u00e3o, onde as m\u00fasicas seguem outra ordem de faixas. Como sabemos, inclusive pelo texto de contracapa, este lp tem um sentido um tanto p\u00f3stumo, pois foi gravado e lan\u00e7ado no ano seguinte ao da morte de Dolores Duran.<\/div>\n<div class=\"separator\">Leiam o texto da contracapa aqui, ou baixem o disco completo no GTM.<\/div>\n<div class=\"separator\">\u00a0<\/div>\n<div class=\"separator\">ideias erradas<\/div>\n<div class=\"separator\">a noite do meu bem<\/div>\n<div class=\"separator\">estrada do sol<\/div>\n<div class=\"separator\">castigo<\/div>\n<div class=\"separator\">noite de paz<\/div>\n<div class=\"separator\">vou chorar<\/div>\n<div class=\"separator\">por causa de voc\u00ea<\/div>\n<div class=\"separator\">fim de caso<\/div>\n<div class=\"separator\">pela rua<\/div>\n<div class=\"separator\">quem sou eu<\/div>\n<div class=\"separator\">solid\u00e3o<\/div>\n<div class=\"separator\">can\u00e7\u00e3o da tristeza<\/div>\n<div class=\"separator\">\u00a0<\/div>\n<div class=\"separator\">.<\/div>","protected":false},"excerpt":{"rendered":"<p>Bom dia, caros amigos cultos e ocultos! Olha a\u00ed mais um disco para as nossas fileiras&#8230; Hoje temos um encontro com L\u00facio Alves e Dolores Duran, na segunda vers\u00e3o de um lp originalmente lan\u00e7ado em 1960 e cujo o qual &hellip; <a href=\"https:\/\/www.toque-musicall.com\/?p=9571\">Continue lendo <span class=\"meta-nav\">&rarr;<\/span><\/a><\/p>\n","protected":false},"author":1,"featured_media":0,"comment_status":"closed","ping_status":"closed","sticky":false,"template":"","format":"standard","meta":{"footnotes":""},"categories":[1],"tags":[4781,3639],"class_list":["post-9571","post","type-post","status-publish","format-standard","hentry","category-sem-categoria","tag-lucio-alves","tag-selo-emi"],"_links":{"self":[{"href":"https:\/\/www.toque-musicall.com\/index.php?rest_route=\/wp\/v2\/posts\/9571","targetHints":{"allow":["GET"]}}],"collection":[{"href":"https:\/\/www.toque-musicall.com\/index.php?rest_route=\/wp\/v2\/posts"}],"about":[{"href":"https:\/\/www.toque-musicall.com\/index.php?rest_route=\/wp\/v2\/types\/post"}],"author":[{"embeddable":true,"href":"https:\/\/www.toque-musicall.com\/index.php?rest_route=\/wp\/v2\/users\/1"}],"replies":[{"embeddable":true,"href":"https:\/\/www.toque-musicall.com\/index.php?rest_route=%2Fwp%2Fv2%2Fcomments&post=9571"}],"version-history":[{"count":1,"href":"https:\/\/www.toque-musicall.com\/index.php?rest_route=\/wp\/v2\/posts\/9571\/revisions"}],"predecessor-version":[{"id":9572,"href":"https:\/\/www.toque-musicall.com\/index.php?rest_route=\/wp\/v2\/posts\/9571\/revisions\/9572"}],"wp:attachment":[{"href":"https:\/\/www.toque-musicall.com\/index.php?rest_route=%2Fwp%2Fv2%2Fmedia&parent=9571"}],"wp:term":[{"taxonomy":"category","embeddable":true,"href":"https:\/\/www.toque-musicall.com\/index.php?rest_route=%2Fwp%2Fv2%2Fcategories&post=9571"},{"taxonomy":"post_tag","embeddable":true,"href":"https:\/\/www.toque-musicall.com\/index.php?rest_route=%2Fwp%2Fv2%2Ftags&post=9571"}],"curies":[{"name":"wp","href":"https:\/\/api.w.org\/{rel}","templated":true}]}}