{"id":9573,"date":"2022-07-22T09:36:00","date_gmt":"2022-07-22T12:36:00","guid":{"rendered":"https:\/\/www.toque-musicall.com\/?p=9573"},"modified":"2022-09-11T09:06:55","modified_gmt":"2022-09-11T12:06:55","slug":"nazare-pereira-ver-o-peso-1988","status":"publish","type":"post","link":"https:\/\/www.toque-musicall.com\/?p=9573","title":{"rendered":"Nazar\u00e9 Pereira &#8211; Ver O Peso (1988)"},"content":{"rendered":"\n<figure class=\"wp-block-image size-large\"><img decoding=\"async\" src=\"https:\/\/blogger.googleusercontent.com\/img\/b\/R29vZ2xl\/AVvXsEgi3sM8XRZPmXElNWmuO-6JC6z4nOk7xr5INprtm3ZilPnTEZAXLFhdmIH-_eZwAF74G7_Zjmv6HAj2Sz-vK3__rMUICYHmVyFD4H1arubQUxuXfi36IizGv8hIZIcqj8EBpUPpMOYs5SIiBJGigcya3sgUs4hGy38YBeVeNgTgj9JclN0V4W_jxMWggg\/w640-h634\/Capturar.JPG\" alt=\"\"\/><\/figure>\n\n\n\n<figure class=\"wp-block-image size-large\"><img decoding=\"async\" src=\"https:\/\/blogger.googleusercontent.com\/img\/b\/R29vZ2xl\/AVvXsEhNWMrqaGQ8ud1vyRkBoRB8kJfJa1I8WEqp2zzvaTs3CSoE1pyZh5ZUfbKJbPWkfO94TWw_PY-KZwXhrFBFsQBvjDxBqkGQR6ZphvPJbyWX6Qf4JiwLnyUmmtRvyIFjQwk6Uam5LbWwqTPpDrOU2bKRCB3zewjcGy4xy3S-0uviiGgLc6LipRYPiRDHaQ\/w634-h640\/Capturarb.JPG\" alt=\"\"\/><\/figure>\n\n\n<div class=\"separator\">Muito bom dia a todos, amigos cultos e ocultos! Hoje trago para voc\u00eas este disco da cantora Nazar\u00e9 Pereira. J\u00e1 tivemos aqui outros discos dela, se n\u00e3o me engano e hoje eu posto este por quest\u00f5es bem pessoais, pela lembran\u00e7a, pelo marco de um momento em minha vida. Gosto muito do povo paraense e a ele e em especial, a alguns amigos que partiram recentemente, eu deixo esta lembran\u00e7a.<\/div>\n<div class=\"separator\">Nazar\u00e9 Pereira, como o texto de contracapa informa \u00e9 uma artista que saiu do norte para fazer sucesso na Fran\u00e7a. Acredito que ela seja mais conhecida por l\u00e1 do que por aqui. E como sempre, seu discos s\u00e3o \u00f3timos. Quero at\u00e9 prometer aqui que logo teremos mais discos dela no Toque Musical. Por hora, vamos curtir este bel\u00edssimo trabalho onde nossa artista exalta de forma t\u00e3o bacana a cultura paraense em um trabalho totalmente feito em Bel\u00e9m. Vale a pena conhecer&#8230;<\/div>\n<div class=\"separator\">\u00a0<\/div>\n<div class=\"separator\">dunas da princesa<\/div>\n<div class=\"separator\">l\u00e1 vou eu<\/div>\n<div class=\"separator\">atai\u00f4<\/div>\n<div class=\"separator\">clar\u00e3o da lua<\/div>\n<div class=\"separator\">para bel\u00e9m<\/div>\n<div class=\"separator\">cheiro de flor<\/div>\n<div class=\"separator\">lua luar<\/div>\n<div class=\"separator\">sinh\u00e1 pureza<\/div>\n<div class=\"separator\">bon jour pra voc\u00ea<\/div>\n<div class=\"separator\">na areia da praia<\/div>\n<div class=\"separator\">carimb\u00f3 da saudade<\/div>\n<div class=\"separator\">ilhas do maraj\u00f3<\/div>\n<div class=\"separator\">\u00a0<\/div>\n<div class=\"separator\">\u00a0<\/div>\n<div class=\"separator\">.<\/div>","protected":false},"excerpt":{"rendered":"<p>Muito bom dia a todos, amigos cultos e ocultos! Hoje trago para voc\u00eas este disco da cantora Nazar\u00e9 Pereira. J\u00e1 tivemos aqui outros discos dela, se n\u00e3o me engano e hoje eu posto este por quest\u00f5es bem pessoais, pela lembran\u00e7a, &hellip; <a href=\"https:\/\/www.toque-musicall.com\/?p=9573\">Continue lendo <span class=\"meta-nav\">&rarr;<\/span><\/a><\/p>\n","protected":false},"author":1,"featured_media":0,"comment_status":"closed","ping_status":"closed","sticky":false,"template":"","format":"standard","meta":{"footnotes":""},"categories":[5226],"tags":[5239,5238],"class_list":["post-9573","post","type-post","status-publish","format-standard","hentry","category-selo-gravasom","tag-nazare-pereira","tag-selo-gravasom"],"_links":{"self":[{"href":"https:\/\/www.toque-musicall.com\/index.php?rest_route=\/wp\/v2\/posts\/9573","targetHints":{"allow":["GET"]}}],"collection":[{"href":"https:\/\/www.toque-musicall.com\/index.php?rest_route=\/wp\/v2\/posts"}],"about":[{"href":"https:\/\/www.toque-musicall.com\/index.php?rest_route=\/wp\/v2\/types\/post"}],"author":[{"embeddable":true,"href":"https:\/\/www.toque-musicall.com\/index.php?rest_route=\/wp\/v2\/users\/1"}],"replies":[{"embeddable":true,"href":"https:\/\/www.toque-musicall.com\/index.php?rest_route=%2Fwp%2Fv2%2Fcomments&post=9573"}],"version-history":[{"count":1,"href":"https:\/\/www.toque-musicall.com\/index.php?rest_route=\/wp\/v2\/posts\/9573\/revisions"}],"predecessor-version":[{"id":9574,"href":"https:\/\/www.toque-musicall.com\/index.php?rest_route=\/wp\/v2\/posts\/9573\/revisions\/9574"}],"wp:attachment":[{"href":"https:\/\/www.toque-musicall.com\/index.php?rest_route=%2Fwp%2Fv2%2Fmedia&parent=9573"}],"wp:term":[{"taxonomy":"category","embeddable":true,"href":"https:\/\/www.toque-musicall.com\/index.php?rest_route=%2Fwp%2Fv2%2Fcategories&post=9573"},{"taxonomy":"post_tag","embeddable":true,"href":"https:\/\/www.toque-musicall.com\/index.php?rest_route=%2Fwp%2Fv2%2Ftags&post=9573"}],"curies":[{"name":"wp","href":"https:\/\/api.w.org\/{rel}","templated":true}]}}