{"id":958,"date":"2010-01-20T09:41:00","date_gmt":"2010-01-20T09:41:00","guid":{"rendered":"http:\/\/www.toque-musicall.com\/?p=958"},"modified":"2010-01-20T09:41:00","modified_gmt":"2010-01-20T09:41:00","slug":"almirante-a-maior-patente-do-radio-1986","status":"publish","type":"post","link":"https:\/\/www.toque-musicall.com\/?p=958","title":{"rendered":"Almirante &#8211; A Maior Patente Do Radio (1986)"},"content":{"rendered":"<p><a href=\"http:\/\/2.bp.blogspot.com\/_DSKVEvHtskc\/S1bP4tjPnoI\/AAAAAAAAGEc\/OZr4TklnbIw\/s1600-h\/almirante+P.JPG\"><img decoding=\"async\" style=\"display:block; margin:0px auto 10px; text-align:center;cursor:pointer; cursor:hand;width: 400px; height: 392px;\" src=\"http:\/\/2.bp.blogspot.com\/_DSKVEvHtskc\/S1bP4tjPnoI\/AAAAAAAAGEc\/OZr4TklnbIw\/s400\/almirante+P.JPG\" border=\"0\" alt=\"\" id=\"BLOGGER_PHOTO_ID_5428754974048755330\" \/><\/a>Recebi ontem a noite uma not\u00edcia que me deixou muito animando. Meu HD que havia pifado, pelo que parece, poder\u00e1 ser recuperado. Estou cruzando os dedos para que tudo d\u00ea certo. Afinal, tenho nele quase um terabits de arquivos, se recuperar a metade j\u00e1 vou me dar por satisfeito. Vamos ver no que vai dar, estou muito confiante.<\/p>\n<div>Temos aqui, pela segunda vez, a presen\u00e7a de <a href=\"http:\/\/toque-musicall.blogspot.com\/2009\/05\/almirante-monumento-da-musica-popular.html\">Almirante<\/a>, em um \u00e1lbum criado pela Moto Discos, um dos mais importantes selos respons\u00e1veis pelo resgate de antigos fonogramas da m\u00fasica brasileira. Gra\u00e7as a um trabalho que contou com a colabora\u00e7\u00e3o da RCA e principalmente de diversos colecionadores (o que seria da mem\u00f3ria musical brasileira se n\u00e3o fossem os colecionadores?), temos reunidos nessa edi\u00e7\u00e3o doze n\u00fameros gravados por Almirante entre os anos de 1932 e 37, em sua fase \u00e1urea. S\u00e3o grava\u00e7\u00f5es reproduzidas e recuperadas das velhas bolachas de 78 rpm. A qualidade desses fonogramas \u00e9 muito boa, se consideramos o tempo e os recursos t\u00e9cnicos da \u00e9poca. Temos reunidos neste lp momentos de Almirante acompanhado por Pixinguinha, Donga, pelos conjuntos de Benedito Lacerda, os Diabos do C\u00e9u e tamb\u00e9m pelo conjunto de est\u00fadio da RCA Victor. Uma preciosidade que foi lan\u00e7ada em edi\u00e7\u00e3o limitada h\u00e1 mais de vinte anos atr\u00e1s e hoje j\u00e1 est\u00e1 fora de circula\u00e7\u00e3o. Confiram a j\u00f3ia \ud83d\ude09<\/div>\n<div><\/div>\n<div style=\"text-align: center;\">trem blindado<\/div>\n<div style=\"text-align: center;\">foguinhos<\/div>\n<div style=\"text-align: center;\">s\u00edmbolo da paz<\/div>\n<div style=\"text-align: center;\">tarzan<\/div>\n<div style=\"text-align: center;\">ningu\u00e9m fura o bal\u00e3o<\/div>\n<div style=\"text-align: center;\">contrastes<\/div>\n<div style=\"text-align: center;\">o orvalho vem caindo<\/div>\n<div style=\"text-align: center;\">hist\u00f3ria do brasil<\/div>\n<div style=\"text-align: center;\">vida marvada<\/div>\n<div style=\"text-align: center;\">assim como o rio<\/div>\n<div style=\"text-align: center;\">a ben\u00e7\u00e3o papai noel<\/div>\n<div style=\"text-align: center;\">apanhei um resfriado<\/div>\n<div><\/div>\n<div><\/div>\n","protected":false},"excerpt":{"rendered":"<p>Recebi ontem a noite uma not\u00edcia que me deixou muito animando. Meu HD que havia pifado, pelo que parece, poder\u00e1 ser recuperado. Estou cruzando os dedos para que tudo d\u00ea certo. Afinal, tenho nele quase um terabits de arquivos, se &hellip; <a href=\"https:\/\/www.toque-musicall.com\/?p=958\">Continue lendo <span class=\"meta-nav\">&rarr;<\/span><\/a><\/p>\n","protected":false},"author":1,"featured_media":0,"comment_status":"open","ping_status":"closed","sticky":false,"template":"","format":"standard","meta":{"footnotes":""},"categories":[140],"tags":[],"class_list":["post-958","post","type-post","status-publish","format-standard","hentry","category-almirante"],"_links":{"self":[{"href":"https:\/\/www.toque-musicall.com\/index.php?rest_route=\/wp\/v2\/posts\/958","targetHints":{"allow":["GET"]}}],"collection":[{"href":"https:\/\/www.toque-musicall.com\/index.php?rest_route=\/wp\/v2\/posts"}],"about":[{"href":"https:\/\/www.toque-musicall.com\/index.php?rest_route=\/wp\/v2\/types\/post"}],"author":[{"embeddable":true,"href":"https:\/\/www.toque-musicall.com\/index.php?rest_route=\/wp\/v2\/users\/1"}],"replies":[{"embeddable":true,"href":"https:\/\/www.toque-musicall.com\/index.php?rest_route=%2Fwp%2Fv2%2Fcomments&post=958"}],"version-history":[{"count":0,"href":"https:\/\/www.toque-musicall.com\/index.php?rest_route=\/wp\/v2\/posts\/958\/revisions"}],"wp:attachment":[{"href":"https:\/\/www.toque-musicall.com\/index.php?rest_route=%2Fwp%2Fv2%2Fmedia&parent=958"}],"wp:term":[{"taxonomy":"category","embeddable":true,"href":"https:\/\/www.toque-musicall.com\/index.php?rest_route=%2Fwp%2Fv2%2Fcategories&post=958"},{"taxonomy":"post_tag","embeddable":true,"href":"https:\/\/www.toque-musicall.com\/index.php?rest_route=%2Fwp%2Fv2%2Ftags&post=958"}],"curies":[{"name":"wp","href":"https:\/\/api.w.org\/{rel}","templated":true}]}}