{"id":9583,"date":"2022-07-26T10:42:00","date_gmt":"2022-07-26T13:42:00","guid":{"rendered":"https:\/\/www.toque-musicall.com\/?p=9583"},"modified":"2022-07-29T10:44:20","modified_gmt":"2022-07-29T13:44:20","slug":"jacob-do-bandolim-jacob-revive-sambas-para-voce-cantar-1963","status":"publish","type":"post","link":"https:\/\/www.toque-musicall.com\/?p=9583","title":{"rendered":"Jacob do Bandolim &#8211; Jacob Revive Sambas Para Voc\u00ea Cantar (1963)"},"content":{"rendered":"\n<figure class=\"wp-block-image size-large\"><img decoding=\"async\" src=\"https:\/\/blogger.googleusercontent.com\/img\/b\/R29vZ2xl\/AVvXsEh0u7XCa3YEX32RP24RxPmUeKokwW1NEgcJvjAk86saFhXCzshB1MSaNF2rIjQvfcSsELBNQBME7CZ3JKgsOq28xHTPpec7Yitv8OUg8M-nGtxL3mAABH7SRzSDWaoZmTzNWbZ0HrATwO_WCAb5rsg5NCeZMaaBDQEoZBo51D_EfULA-5slJpK9ZZjQtA\/w638-h640\/Capturar.JPG\" alt=\"\"\/><\/figure>\n\n\n\n<figure class=\"wp-block-image size-large\"><img decoding=\"async\" src=\"https:\/\/blogger.googleusercontent.com\/img\/b\/R29vZ2xl\/AVvXsEizbFyaIIiQYM_iOMPhuqYvHWvJj5I0RNVLT8EQceBvWl_jyXu3QrhNnfvJ2FfNpl9xShNGlVBI3GiQNXmrZ-6-GCUBtQ8c5lJ6LLLVewFH1l2xhR4Gyge-qT7gUZvI7xRJbNUTX72V9ypKBKzbONL4NG8uK90MNiBDI57Fxm8wpSffR0DzNZROtlwfBg\/w636-h640\/Capturarb.JPG\" alt=\"\"\/><\/figure>\n\n\n<div class=\"separator\">Muito bom dia a todos, amigos cultos e ocultos! Eis aqui um disquinho gostoso de se ouvir e mais ainda, convida a gente a cantar. N\u00e3o \u00e9 exatamente um disco de &#8216;karaok\u00ea&#8217;, ou um playback para acompanhar, embora o t\u00edtulo seja bem sugestivo. O que temos aqui \u00e9 uma sele\u00e7\u00e3o de sambas, no qual o grande Jacob do Bandolim nos presenteia, trazendo m\u00fasicas que naquele in\u00edcio dos anos 60 j\u00e1 eram cl\u00e1ssicos do samba. Aqui, esta sele\u00e7\u00e3o de sambas aparecem em forma de pot pourri. Achei por bem manter sem separar, fazendo isso apenas nas pausas longas e dessa maneira temos ent\u00e3o apenas tr\u00eas faixas, ok? Disco realmente maravilhoso e raro entre o que se encontra desse grande instrumentista brasileiro. Confiram no GTM&#8230;<\/div>\n<div class=\"separator\">\u00a0<\/div>\n<div class=\"separator\">tenha pena de mim<\/div>\n<div class=\"separator\">chora cavaquinho<\/div>\n<div class=\"separator\">agora \u00e9 cinza<\/div>\n<div class=\"separator\">pois \u00e9&#8230;<\/div>\n<div class=\"separator\">adeus<\/div>\n<div class=\"separator\">ai que saudades da am\u00e9lia<\/div>\n<div class=\"separator\">at\u00e9 amanh\u00e3<\/div>\n<div class=\"separator\">sei que \u00e9 covardia, mas&#8230;<\/div>\n<div class=\"separator\">n\u00e3o tenho l\u00e1grimas<\/div>\n<div class=\"separator\">foi ela<\/div>\n<div class=\"separator\">deixa essa mulher chorar<\/div>\n<div class=\"separator\">o orvalho vem caindo<\/div>\n<div class=\"separator\">palpite infeliz<\/div>\n<div class=\"separator\">leva meu samba<\/div>\n<div class=\"separator\">chega de saudade<\/div>\n<div class=\"separator\">pra\u00e7a onze<\/div>\n<div class=\"separator\">est\u00e1 chegando a hora<\/div>\n<div class=\"separator\">\u00a0<\/div>\n<div class=\"separator\">.<\/div>\n<div class=\"separator\">\u00a0<\/div>","protected":false},"excerpt":{"rendered":"<p>Muito bom dia a todos, amigos cultos e ocultos! Eis aqui um disquinho gostoso de se ouvir e mais ainda, convida a gente a cantar. N\u00e3o \u00e9 exatamente um disco de &#8216;karaok\u00ea&#8217;, ou um playback para acompanhar, embora o t\u00edtulo &hellip; <a href=\"https:\/\/www.toque-musicall.com\/?p=9583\">Continue lendo <span class=\"meta-nav\">&rarr;<\/span><\/a><\/p>\n","protected":false},"author":1,"featured_media":0,"comment_status":"closed","ping_status":"closed","sticky":false,"template":"","format":"standard","meta":{"footnotes":""},"categories":[1],"tags":[4806,3061],"class_list":["post-9583","post","type-post","status-publish","format-standard","hentry","category-sem-categoria","tag-jacob-do-bandolim","tag-selo-rca-victor"],"_links":{"self":[{"href":"https:\/\/www.toque-musicall.com\/index.php?rest_route=\/wp\/v2\/posts\/9583","targetHints":{"allow":["GET"]}}],"collection":[{"href":"https:\/\/www.toque-musicall.com\/index.php?rest_route=\/wp\/v2\/posts"}],"about":[{"href":"https:\/\/www.toque-musicall.com\/index.php?rest_route=\/wp\/v2\/types\/post"}],"author":[{"embeddable":true,"href":"https:\/\/www.toque-musicall.com\/index.php?rest_route=\/wp\/v2\/users\/1"}],"replies":[{"embeddable":true,"href":"https:\/\/www.toque-musicall.com\/index.php?rest_route=%2Fwp%2Fv2%2Fcomments&post=9583"}],"version-history":[{"count":1,"href":"https:\/\/www.toque-musicall.com\/index.php?rest_route=\/wp\/v2\/posts\/9583\/revisions"}],"predecessor-version":[{"id":9584,"href":"https:\/\/www.toque-musicall.com\/index.php?rest_route=\/wp\/v2\/posts\/9583\/revisions\/9584"}],"wp:attachment":[{"href":"https:\/\/www.toque-musicall.com\/index.php?rest_route=%2Fwp%2Fv2%2Fmedia&parent=9583"}],"wp:term":[{"taxonomy":"category","embeddable":true,"href":"https:\/\/www.toque-musicall.com\/index.php?rest_route=%2Fwp%2Fv2%2Fcategories&post=9583"},{"taxonomy":"post_tag","embeddable":true,"href":"https:\/\/www.toque-musicall.com\/index.php?rest_route=%2Fwp%2Fv2%2Ftags&post=9583"}],"curies":[{"name":"wp","href":"https:\/\/api.w.org\/{rel}","templated":true}]}}