{"id":9592,"date":"2022-07-30T22:49:00","date_gmt":"2022-07-31T01:49:00","guid":{"rendered":"https:\/\/www.toque-musicall.com\/?p=9592"},"modified":"2022-09-11T09:04:34","modified_gmt":"2022-09-11T12:04:34","slug":"joao-gilberto-ao-vivo-no-teatro-de-santa-isabel-recife-em-2000-2022-%ef%bf%bc","status":"publish","type":"post","link":"https:\/\/www.toque-musicall.com\/?p=9592","title":{"rendered":"Jo\u00e3o Gilberto &#8211; Ao Vivo No Teatro De Santa Isabel Recife Em 2000 (2022)"},"content":{"rendered":"\n<figure class=\"wp-block-image size-large\"><img decoding=\"async\" src=\"https:\/\/blogger.googleusercontent.com\/img\/b\/R29vZ2xl\/AVvXsEgtDWJXRwEvpkeD7VN5V-T5cvpZb9wzyR8DqDTNLDhsQ8ZQtY9OdRkTVZVvxvD7Mtv16tMFWAoBPpxIWfTRyTnLYFLB_bN7rfRqgtkzfKlX-OCLG7dXdkv-IA2H7vKwjqVxMs0_P8PaYIwjmpWKSqeJM2UqYvrKNLT1B8AD6IDsPEEFBEdYSozbqXj2Pw\/w640-h640\/Capturar.JPG\" alt=\"\"\/><\/figure>\n\n\n\n<figure class=\"wp-block-image size-large\"><img decoding=\"async\" src=\"https:\/\/blogger.googleusercontent.com\/img\/b\/R29vZ2xl\/AVvXsEiFjLLySY018L1JKuRltMP5wWPvaC4g8QLT1UTnJne4uQo-cIVT8VrZ9KRbYfVOa9A1zzLrh6e46avyVC3H3v0lDAILg6h-k_W7aeHksCHo_QuV7wAaH2QEUBpyhs1HXo7L5Rkd0LwDJTxfutqqwZLC0yA4WzrVjpterlsu-tj17Zl4YcNmRxb9myzP-w\/w640-h638\/Capturarb.JPG\" alt=\"\"\/><\/figure>\n\n\n<div class=\"separator\">Boa noite, meus amigos cultos e ocultos! Hoje, dia 30 de julho de 2022, o nosso Toque Musical completa 15 anos! Sinceramente, acho que s\u00f3 foi poss\u00edvel por conta dessa nossa insist\u00eancia e o enorme prazer em fazer o que a gente faz. Acredito que poucos blogs com o TM ainda se mant\u00e9m na ativa. A maioria acabou, outros remodelaram, se transformaram em outra coisa. Enfim, o Toque Musical \u00e9 um dos poucos que ainda se mant\u00e9m fiel a seu formato, mesmo sabendo que o conceito da coisa mudou e tudo que \u00e9 postado aqui, se ainda n\u00e3o est\u00e1 no YouTube, logo vai estar. Mas ainda assim, seguimos na tradi\u00e7\u00e3o, no formato di\u00e1rio-p\u00fablico-pessoal, confraria fonomusical. Enfim, 15 anos, um tempo longo para um site. Somos, sem d\u00favida, uma tradi\u00e7\u00e3o, um cl\u00e1ssico nessas pra\u00e7as da web. Parab\u00e9ns para n\u00f3s! Parab\u00e9ns ao Toque Musical! Que venham mais 15 anos! (j\u00e1 pensou?)<\/div>\n<div class=\"separator\">Para marcar a data e o momento, estamos trazendo aqui nosso assunto mais ilustre, o impag\u00e1vel Jo\u00e3o Gilberto, figura da maior import\u00e2ncia no TM, por conta das diversas postagens que j\u00e1 fizemos sobre ele e em especial nas edi\u00e7\u00f5es exclusiva que criamos de registros em shows e mais ainda, da bomb\u00e1stica grava\u00e7\u00e3o, at\u00e9 ent\u00e3o in\u00e9dita ao p\u00fablico, das fitas gravadas pelo Chico Pereira.&nbsp;<\/div>\n<div class=\"separator\">Inclusive, a respeito desse fato, dessa que foi a mais importante postagem que j\u00e1 fizemos, posso agora contar alguns detalhes e corrigir alguns enganos sobre essa hist\u00f3ria. H\u00e1 alguns anos atr\u00e1s fui procurado pelo Zuza Homem de Mello que ent\u00e3o, na \u00e9poca, escrevia sobre o Jo\u00e3o Gilberto, preparando o que seria seu \u00faltimo livro, o &#8220;Amoroso&#8221;, que viria a ser lan\u00e7ado de maneira p\u00f3stuma. Zuza faleceu quatro dias ap\u00f3s finalizar o livro, o qual a produ\u00e7\u00e3o final ficou a cargo de sua companheira, Erc\u00edlia Lobo. E foi ainda durante a elabora\u00e7\u00e3o desse livro que um dia recebi um e-mail do Zuza pedido informa\u00e7\u00f5es sobre a hist\u00f3ria da fitas, como os registros digitais chegaram at\u00e9 a mim. Contei a ele que os arquivos digitais me foram passados pelo ent\u00e3o amigo franco-uruguaio Christophe Rousseau, que ele por sua vez conseguiu isso de um colecionador de raridades sueco. Quando este material chegou em minhas m\u00e3os, ainda n\u00e3o estava editado, era um arquivo \u00fanico no qual continha sequencias dessas grava\u00e7\u00f5es feitas pelo fot\u00f3grafo Chico Pereira. At\u00e9 ent\u00e3o, a \u00fanica pessoa que possu\u00eda esses registros era uma pesquisadora americana, que eventualmente colocava em seu blog alguns trechos, para manter o seu ibope. Da\u00ed, com o arquivo bruto, fui editando no Sound Forge e gerando novos para cada m\u00fasica ou trecho de falas. Editei, remixei limpando da melhor forma o \u00e1udio, o qual o Chris tamb\u00e9m j\u00e1 havia mexido. O trabalho maior foi identificar cada m\u00fasica, cada passagem e ao final veio tamb\u00e9m a produ\u00e7\u00e3o das capinhas para chegarmos \u00e0 grande publica\u00e7\u00e3o, a que virou not\u00edcia nos grandes jornais e revistas e tamb\u00e9m entraria, para minha surpresa, como cita\u00e7\u00e3o em &#8220;Amoroso&#8221;. Infelizmente, houve um engano, dando ao f\u00e3 de Bossa Nova, &#8216;artista do playback&#8217;, o t\u00edtulo de &#8220;engenheiro de som&#8221; (hehehe&#8230;). Sem querer lhe tirar o m\u00e9rito por ter conseguido a fita e tamb\u00e9m por ter passado a mim, o trabalho todo coube mesmo ao Augusto aqui. E segundo o Zuza, naquele 2011, o nosso &#8220;Jo\u00e3o Gilberto Na Casa De Chico Pereira&#8221; foi o que houve de melhor em lan\u00e7amento musical. O nome do Augusto TM n\u00e3o entrou no livro. Ficou mais charmoso com a vers\u00e3o do franc\u00eas, engenheiro de som. Mas a gente n\u00e3o liga n\u00e3o, a gente sempre foi eminencia parda nessa hist\u00f3ria toda. E de qualquer forma, vale a pena ler esse livro. \u00c9 realmente uma biografia apaixonada, escrita por algu\u00e9m que tamb\u00e9m viveu e conheceu de perto, na amizade o genial Jo\u00e3o Gilberto. E \u00e9 nesse livro tamb\u00e9m que voc\u00eas ir\u00e3o encontrar detalhadamente a passagem de Jo\u00e3o pelo Recife, em um memor\u00e1vel show no Teatro de Santa Isabel, em 2000. \u00c9 este show que agora aqui apresentamos a voc\u00eas, em uma nova edi\u00e7\u00e3o, com direito tamb\u00e9m as capinhas, tudo organizadinho, como manda o nosso figurino. Espero que esteja no agrado de todo. Confiram, no GTM&#8230;<\/div>\n<div class=\"separator\">&nbsp;<\/div>\n<div class=\"separator\">aos p\u00e9s da cruz<\/div>\n<div class=\"separator\">recife cidade lend\u00e1ria<\/div>\n<div class=\"separator\">doralice<\/div>\n<div class=\"separator\">carnaval da vit\u00f3ria<\/div>\n<div class=\"separator\">ave maria<\/div>\n<div class=\"separator\">discuss\u00e3o<\/div>\n<div class=\"separator\">odete ouve o meu lamento<\/div>\n<div class=\"separator\">um abra\u00e7o no bonf\u00e1<\/div>\n<div class=\"separator\">solid\u00e3o<\/div>\n<div class=\"separator\">hino nacional<\/div>\n<div class=\"separator\">sinfonia do rio de janeiro<\/div>\n<div class=\"separator\">bahia com h<\/div>\n<div class=\"separator\">samba de uma nota s\u00f3<\/div>\n<div class=\"separator\">farolito<\/div>\n<div class=\"separator\">chega de saudade<\/div>\n<div class=\"separator\">n\u00e3o vou pra casa<\/div>\n<div class=\"separator\">&nbsp;<\/div>\n<div class=\"separator\">&nbsp;<\/div>\n<div class=\"separator\">.<\/div>","protected":false},"excerpt":{"rendered":"<p>Boa noite, meus amigos cultos e ocultos! Hoje, dia 30 de julho de 2022, o nosso Toque Musical completa 15 anos! Sinceramente, acho que s\u00f3 foi poss\u00edvel por conta dessa nossa insist\u00eancia e o enorme prazer em fazer o que &hellip; <a href=\"https:\/\/www.toque-musicall.com\/?p=9592\">Continue lendo <span class=\"meta-nav\">&rarr;<\/span><\/a><\/p>\n","protected":false},"author":1,"featured_media":0,"comment_status":"closed","ping_status":"closed","sticky":false,"template":"","format":"standard","meta":{"footnotes":""},"categories":[292,1],"tags":[3429,4268],"class_list":["post-9592","post","type-post","status-publish","format-standard","hentry","category-joao-gilberto","category-sem-categoria","tag-exclusivos-do-toque-musical","tag-joao-gilberto"],"_links":{"self":[{"href":"https:\/\/www.toque-musicall.com\/index.php?rest_route=\/wp\/v2\/posts\/9592","targetHints":{"allow":["GET"]}}],"collection":[{"href":"https:\/\/www.toque-musicall.com\/index.php?rest_route=\/wp\/v2\/posts"}],"about":[{"href":"https:\/\/www.toque-musicall.com\/index.php?rest_route=\/wp\/v2\/types\/post"}],"author":[{"embeddable":true,"href":"https:\/\/www.toque-musicall.com\/index.php?rest_route=\/wp\/v2\/users\/1"}],"replies":[{"embeddable":true,"href":"https:\/\/www.toque-musicall.com\/index.php?rest_route=%2Fwp%2Fv2%2Fcomments&post=9592"}],"version-history":[{"count":2,"href":"https:\/\/www.toque-musicall.com\/index.php?rest_route=\/wp\/v2\/posts\/9592\/revisions"}],"predecessor-version":[{"id":9605,"href":"https:\/\/www.toque-musicall.com\/index.php?rest_route=\/wp\/v2\/posts\/9592\/revisions\/9605"}],"wp:attachment":[{"href":"https:\/\/www.toque-musicall.com\/index.php?rest_route=%2Fwp%2Fv2%2Fmedia&parent=9592"}],"wp:term":[{"taxonomy":"category","embeddable":true,"href":"https:\/\/www.toque-musicall.com\/index.php?rest_route=%2Fwp%2Fv2%2Fcategories&post=9592"},{"taxonomy":"post_tag","embeddable":true,"href":"https:\/\/www.toque-musicall.com\/index.php?rest_route=%2Fwp%2Fv2%2Ftags&post=9592"}],"curies":[{"name":"wp","href":"https:\/\/api.w.org\/{rel}","templated":true}]}}