{"id":960,"date":"2010-01-18T10:29:00","date_gmt":"2010-01-18T10:29:00","guid":{"rendered":"http:\/\/www.toque-musicall.com\/?p=960"},"modified":"2010-01-18T10:29:00","modified_gmt":"2010-01-18T10:29:00","slug":"armandinho-armando-macedo-1970","status":"publish","type":"post","link":"https:\/\/www.toque-musicall.com\/?p=960","title":{"rendered":"Armandinho &#8211; Armando Macedo (1970)"},"content":{"rendered":"<p><a href=\"http:\/\/3.bp.blogspot.com\/_DSKVEvHtskc\/S1Q4UtY2HZI\/AAAAAAAAGD8\/hy9K-OZBONM\/s1600-h\/armandinho+P.JPG\"><img decoding=\"async\" style=\"margin: 0px auto 10px; display: block; text-align: center; cursor: pointer; width: 400px; height: 400px;\" src=\"http:\/\/3.bp.blogspot.com\/_DSKVEvHtskc\/S1Q4UtY2HZI\/AAAAAAAAGD8\/hy9K-OZBONM\/s400\/armandinho+P.JPG\" alt=\"\" id=\"BLOGGER_PHOTO_ID_5428025379320634770\" border=\"0\" \/><\/a>Ol\u00e1 amigos cultos e ocultos! Come\u00e7amos a semana com uma colabora\u00e7\u00e3o do amigo Tales, que nos enviou dentro da NTTM (Normas T\u00e9cnicas do Toque Musical) este rar\u00edssimo \u00e1lbum do baiano Armandinho (n\u00e3o confundir com o cantor de reggae que \u00e9 ga\u00facho).<\/p>\n<div>Com apenas 9 anos Armando Macedo iniciou sua carreira musical, dedilhando o bandolim de seu pai. E ao lado dele o garoto prod\u00edgio fez renascer o famoso e original Trio El\u00e9trico da Bahia, tamb\u00e9m conhecido como o Trio El\u00e9trico de Dod\u00f4 e Osmar ou ainda, Trio El\u00e9trico de Armandinho, Dod\u00f4 e Osmar. Durante os anos 60, o menino era a grande sensa\u00e7\u00e3o e o diferencial entre os diversos grupos que os imitavam no carnaval da Bahia. Em 1969, Armando Macedo ou Armandinho, como ficou mais conhecido atrav\u00e9s dos Novos Baianos e de seu grupo A Cor do Som, gravou dois compactos pela Codil que lhe valeram a oportunidade de gravar este que seria o seu primeiro \u00e1lbum. Nele encontramos o instrumentista e seu bandolim, acompanhado pelo Regional de Canhoto e tamb\u00e9m por Dino 7 Cordas, num repert\u00f3rio cl\u00e1ssico e variado, dedicado essencialmente ao samba, seresta e choro. Armandinho mostra aqui o porque hoje em dia \u00e9 considerado uma das maiores sumidades das cordas. Bacana! Confiram a\u00ed o toque&#8230;<\/p>\n<div style=\"text-align: center;\">arrependimento<br \/>viola enluarada<br \/>tico tico no fub\u00e1<br \/>martinha<br \/>desespero<br \/>hino do senhor do bonfim<br \/>aquarela do brasil<br \/>peguei um ita no norte<br \/>iracema<br \/>vassourinhas<br \/>prenda minha<br \/>minas gerais<br \/>s\u00e3o paulo quatrocent\u00e3o<br \/>cidade maravilhosa<br \/>na baixa do sapateiro<br \/>pra frente brasil<br \/>molambo<br \/>divagando pelo cais<br \/>bentevi atrevido<br \/>carolina<br \/>o destino desfolhou<\/p>\n<p><\/div>\n<\/div>\n","protected":false},"excerpt":{"rendered":"<p>Ol\u00e1 amigos cultos e ocultos! Come\u00e7amos a semana com uma colabora\u00e7\u00e3o do amigo Tales, que nos enviou dentro da NTTM (Normas T\u00e9cnicas do Toque Musical) este rar\u00edssimo \u00e1lbum do baiano Armandinho (n\u00e3o confundir com o cantor de reggae que \u00e9 &hellip; <a href=\"https:\/\/www.toque-musicall.com\/?p=960\">Continue lendo <span class=\"meta-nav\">&rarr;<\/span><\/a><\/p>\n","protected":false},"author":1,"featured_media":0,"comment_status":"open","ping_status":"closed","sticky":false,"template":"","format":"standard","meta":{"footnotes":""},"categories":[1270,1271],"tags":[],"class_list":["post-960","post","type-post","status-publish","format-standard","hentry","category-armandinho","category-cor-do-som"],"_links":{"self":[{"href":"https:\/\/www.toque-musicall.com\/index.php?rest_route=\/wp\/v2\/posts\/960","targetHints":{"allow":["GET"]}}],"collection":[{"href":"https:\/\/www.toque-musicall.com\/index.php?rest_route=\/wp\/v2\/posts"}],"about":[{"href":"https:\/\/www.toque-musicall.com\/index.php?rest_route=\/wp\/v2\/types\/post"}],"author":[{"embeddable":true,"href":"https:\/\/www.toque-musicall.com\/index.php?rest_route=\/wp\/v2\/users\/1"}],"replies":[{"embeddable":true,"href":"https:\/\/www.toque-musicall.com\/index.php?rest_route=%2Fwp%2Fv2%2Fcomments&post=960"}],"version-history":[{"count":0,"href":"https:\/\/www.toque-musicall.com\/index.php?rest_route=\/wp\/v2\/posts\/960\/revisions"}],"wp:attachment":[{"href":"https:\/\/www.toque-musicall.com\/index.php?rest_route=%2Fwp%2Fv2%2Fmedia&parent=960"}],"wp:term":[{"taxonomy":"category","embeddable":true,"href":"https:\/\/www.toque-musicall.com\/index.php?rest_route=%2Fwp%2Fv2%2Fcategories&post=960"},{"taxonomy":"post_tag","embeddable":true,"href":"https:\/\/www.toque-musicall.com\/index.php?rest_route=%2Fwp%2Fv2%2Ftags&post=960"}],"curies":[{"name":"wp","href":"https:\/\/api.w.org\/{rel}","templated":true}]}}