{"id":9606,"date":"2022-07-31T11:36:45","date_gmt":"2022-07-31T14:36:45","guid":{"rendered":"https:\/\/www.toque-musicall.com\/?p=9606"},"modified":"2023-07-29T19:42:12","modified_gmt":"2023-07-29T22:42:12","slug":"toque-musical-15-anos","status":"publish","type":"post","link":"https:\/\/www.toque-musicall.com\/?p=9606","title":{"rendered":"Toque Musical &#8211; 16 Anos!"},"content":{"rendered":"<div class=\"separator\"><a href=\"https:\/\/www.toque-musicall.com\/wp-content\/uploads\/TOQUE-7anos-1.jpg\"><img loading=\"lazy\" decoding=\"async\" class=\"alignnone size-full wp-image-9815\" src=\"https:\/\/www.toque-musicall.com\/wp-content\/uploads\/TOQUE-7anos-1.jpg\" alt=\"\" width=\"639\" height=\"638\" srcset=\"https:\/\/www.toque-musicall.com\/wp-content\/uploads\/TOQUE-7anos-1.jpg 639w, https:\/\/www.toque-musicall.com\/wp-content\/uploads\/TOQUE-7anos-1-300x300.jpg 300w, https:\/\/www.toque-musicall.com\/wp-content\/uploads\/TOQUE-7anos-1-150x150.jpg 150w\" sizes=\"auto, (max-width: 639px) 100vw, 639px\" \/><\/a><\/div>\n<div><\/div>\n<div class=\"separator\">Agora, aos 16 anos e longe de ser o sucesso de tempos passados, mas com sua marca garantida na mem\u00f3ria de todos, seguimos na mesma tradi\u00e7\u00e3o, por\u00e9m, a partir de agora sem a obrigatoriedade de sermos di\u00e1rios. Tamb\u00e9m iremos mudar nossas apresenta\u00e7\u00f5es, deixando de vez essa m\u00e1xima dos &#8216;amigos cultos e ocultos&#8217;. Textos teremos, quando assim acharmos por bem. As postagens seguir\u00e3o agora conforme nossa disponibilidade. A Equipe Toque Musical, no momento, s\u00f3 conta com um colaborador e nosso ritmo vai ser outro. Continuamos na fita e dentro do poss\u00edvel atendendo aos solicitantes e agora, mais ainda, contando com a contrapartida e doa\u00e7\u00f5es para que possamos continuar levanto a todos os nossos toque musicais. O <a href=\"http:\/\/groups.google.com\/group\/toquelinkmusical?hl=3D3Dpt-BR\" target=\"_blank\" rel=\"noopener\">Grupo do Toque Musical (GTM)<\/a>\u00a0continua ativo e sempre aceitando novos associados. Para as solicita\u00e7\u00f5es de arquivos, o atendimento \u00e9 exclusivo atrav\u00e9s do e-mail toquelinkmusical@gmail.com<\/div>\n<div class=\"separator\">Sauda\u00e7\u00f5es musicais a todos!<\/div>\n<div class=\"separator\">Augusto TM<\/div>\n<div class=\"separator\"><\/div>\n<div class=\"separator\"><\/div>\n<div class=\"separator\">.<\/div>\n","protected":false},"excerpt":{"rendered":"<p>Agora, aos 16 anos e longe de ser o sucesso de tempos passados, mas com sua marca garantida na mem\u00f3ria de todos, seguimos na mesma tradi\u00e7\u00e3o, por\u00e9m, a partir de agora sem a obrigatoriedade de sermos di\u00e1rios. Tamb\u00e9m iremos mudar &hellip; <a href=\"https:\/\/www.toque-musicall.com\/?p=9606\">Continue lendo <span class=\"meta-nav\">&rarr;<\/span><\/a><\/p>\n","protected":false},"author":1,"featured_media":0,"comment_status":"closed","ping_status":"closed","sticky":false,"template":"","format":"standard","meta":{"footnotes":""},"categories":[5234],"tags":[5235],"class_list":["post-9606","post","type-post","status-publish","format-standard","hentry","category-toque-musical-15-anos","tag-toque-musical-15-anos"],"_links":{"self":[{"href":"https:\/\/www.toque-musicall.com\/index.php?rest_route=\/wp\/v2\/posts\/9606","targetHints":{"allow":["GET"]}}],"collection":[{"href":"https:\/\/www.toque-musicall.com\/index.php?rest_route=\/wp\/v2\/posts"}],"about":[{"href":"https:\/\/www.toque-musicall.com\/index.php?rest_route=\/wp\/v2\/types\/post"}],"author":[{"embeddable":true,"href":"https:\/\/www.toque-musicall.com\/index.php?rest_route=\/wp\/v2\/users\/1"}],"replies":[{"embeddable":true,"href":"https:\/\/www.toque-musicall.com\/index.php?rest_route=%2Fwp%2Fv2%2Fcomments&post=9606"}],"version-history":[{"count":6,"href":"https:\/\/www.toque-musicall.com\/index.php?rest_route=\/wp\/v2\/posts\/9606\/revisions"}],"predecessor-version":[{"id":9817,"href":"https:\/\/www.toque-musicall.com\/index.php?rest_route=\/wp\/v2\/posts\/9606\/revisions\/9817"}],"wp:attachment":[{"href":"https:\/\/www.toque-musicall.com\/index.php?rest_route=%2Fwp%2Fv2%2Fmedia&parent=9606"}],"wp:term":[{"taxonomy":"category","embeddable":true,"href":"https:\/\/www.toque-musicall.com\/index.php?rest_route=%2Fwp%2Fv2%2Fcategories&post=9606"},{"taxonomy":"post_tag","embeddable":true,"href":"https:\/\/www.toque-musicall.com\/index.php?rest_route=%2Fwp%2Fv2%2Ftags&post=9606"}],"curies":[{"name":"wp","href":"https:\/\/api.w.org\/{rel}","templated":true}]}}