{"id":9609,"date":"2022-07-29T09:54:00","date_gmt":"2022-07-29T12:54:00","guid":{"rendered":"https:\/\/www.toque-musicall.com\/?p=9609"},"modified":"2022-08-02T09:58:59","modified_gmt":"2022-08-02T12:58:59","slug":"no-mundo-do-baiao-vol-1-1956","status":"publish","type":"post","link":"https:\/\/www.toque-musicall.com\/?p=9609","title":{"rendered":"No Mundo Do Bai\u00e3o Vol. 1 (1956)"},"content":{"rendered":"\n<figure class=\"wp-block-image size-large\"><img decoding=\"async\" src=\"https:\/\/blogger.googleusercontent.com\/img\/b\/R29vZ2xl\/AVvXsEhQManEEkrrUYBq6RFKERweEzCkEAKQeJTsjqa94OQbUlwqHQn7edobJsH56v-FHyoU5uxymCz9hXN9-PV7vc5XZO5EdUpEpbGzGZIUQ4COa9B18tG2aaVs8gayuLLi3NKKPw75IWx4DT-Mb_nzKiJeL8eWUdllitXdtIiRxQGqncyEuV7cNUx1K5mjGw\/w638-h640\/Capturar.JPG\" alt=\"\"\/><\/figure>\n\n\n\n<figure class=\"wp-block-image size-large\"><img decoding=\"async\" src=\"https:\/\/blogger.googleusercontent.com\/img\/b\/R29vZ2xl\/AVvXsEj26iqCPoQgxYVfQm849OgY8jdYdXk6GI79d3Xjl4q2RUzXFKR8z6bGEt7ywm6dj6oPd_ai_80eINQyCRvdKwBqRcZ9Au1E525ZQfXOf5gcrdEtGA4j0MV5xygbsFffMCzD2ngsGQD_W0GuYJxmGOs_LAjx7fAz4VEmMpnE5GalfIxkW29EukFos4SDuw\/w640-h638\/Capturarb.JPG\" alt=\"\"\/><\/figure>\n\n\n<div class=\"separator\">Bom dia, amigos cultos e ocultos! J\u00e1 quase completo o ciclo dos primeiros 15 anos do nosso Toque Musical, ainda cabe um espa\u00e7o para mais um disco. E desta, temos hoje o lp de dez polegadas. &#8220;No Mundo do Bai\u00e3o, volume 1, lan\u00e7ado em 1956 pela Musidisc. Acho que esse era o \u00faltimo que faltava ser postado aqui. Uma sele\u00e7\u00e3o trazendo alguns artistas do &#8216;cast&#8217; da Musidisc, num momento onde o bai\u00e3o, um g\u00eanero nordestino, fazia muito sucesso. As m\u00fasicas que comp\u00f5e este lp foram, por certo, extra\u00eddas de discos de 78 rpm, lan\u00e7ados tamb\u00e9m naquele mesmo per\u00edodo. Aqui temos&#8230;<\/div>\n<div class=\"separator\">\u00a0<\/div>\n<div class=\"separator\">meu lim\u00e3o meu limoeiro &#8211; urubu malandro &#8211; leal brito<\/div>\n<div class=\"separator\">prenda minha &#8211; ubirajara silva<\/div>\n<div class=\"separator\">ciranda no bai\u00e3o &#8211; leal brito<\/div>\n<div class=\"separator\">adeus guacyra &#8211; leal brito<\/div>\n<div class=\"separator\">p\u00e9 de manac\u00e1 &#8211; as tr\u00eas marias e leal brito<\/div>\n<div class=\"separator\">bai\u00e3o moreno &#8211; as tr\u00eas marias<\/div>\n<div class=\"separator\">pag\u00e3o djalma ferreira<\/div>\n<div class=\"separator\">eh boi &#8211; adeus morena &#8211; as tr\u00eas marias e leal brito<\/div>\n<div class=\"separator\">n\u00f3s tr\u00eas &#8211; trio surdina<\/div>\n<div class=\"separator\">\u00a0<\/div>\n<div class=\"separator\">\u00a0<\/div>\n<div class=\"separator\">.<\/div>\n<div class=\"separator\">\u00a0<\/div>\n<div class=\"separator\">\u00a0<\/div>","protected":false},"excerpt":{"rendered":"<p>Bom dia, amigos cultos e ocultos! J\u00e1 quase completo o ciclo dos primeiros 15 anos do nosso Toque Musical, ainda cabe um espa\u00e7o para mais um disco. E desta, temos hoje o lp de dez polegadas. &#8220;No Mundo do Bai\u00e3o, &hellip; <a href=\"https:\/\/www.toque-musicall.com\/?p=9609\">Continue lendo <span class=\"meta-nav\">&rarr;<\/span><\/a><\/p>\n","protected":false},"author":1,"featured_media":0,"comment_status":"closed","ping_status":"closed","sticky":false,"template":"","format":"standard","meta":{"footnotes":""},"categories":[5236],"tags":[4543,4073,4164,3514,3528,3164],"class_list":["post-9609","post","type-post","status-publish","format-standard","hentry","category-ubirajara-silva","tag-as-tres-marias","tag-djalma-ferreira","tag-leal-brito","tag-selo-musidisc","tag-trio-surdina","tag-ubirajara"],"_links":{"self":[{"href":"https:\/\/www.toque-musicall.com\/index.php?rest_route=\/wp\/v2\/posts\/9609","targetHints":{"allow":["GET"]}}],"collection":[{"href":"https:\/\/www.toque-musicall.com\/index.php?rest_route=\/wp\/v2\/posts"}],"about":[{"href":"https:\/\/www.toque-musicall.com\/index.php?rest_route=\/wp\/v2\/types\/post"}],"author":[{"embeddable":true,"href":"https:\/\/www.toque-musicall.com\/index.php?rest_route=\/wp\/v2\/users\/1"}],"replies":[{"embeddable":true,"href":"https:\/\/www.toque-musicall.com\/index.php?rest_route=%2Fwp%2Fv2%2Fcomments&post=9609"}],"version-history":[{"count":1,"href":"https:\/\/www.toque-musicall.com\/index.php?rest_route=\/wp\/v2\/posts\/9609\/revisions"}],"predecessor-version":[{"id":9610,"href":"https:\/\/www.toque-musicall.com\/index.php?rest_route=\/wp\/v2\/posts\/9609\/revisions\/9610"}],"wp:attachment":[{"href":"https:\/\/www.toque-musicall.com\/index.php?rest_route=%2Fwp%2Fv2%2Fmedia&parent=9609"}],"wp:term":[{"taxonomy":"category","embeddable":true,"href":"https:\/\/www.toque-musicall.com\/index.php?rest_route=%2Fwp%2Fv2%2Fcategories&post=9609"},{"taxonomy":"post_tag","embeddable":true,"href":"https:\/\/www.toque-musicall.com\/index.php?rest_route=%2Fwp%2Fv2%2Ftags&post=9609"}],"curies":[{"name":"wp","href":"https:\/\/api.w.org\/{rel}","templated":true}]}}