{"id":962,"date":"2010-01-16T18:42:00","date_gmt":"2010-01-16T18:42:00","guid":{"rendered":"http:\/\/www.toque-musicall.com\/?p=962"},"modified":"2010-01-16T18:42:00","modified_gmt":"2010-01-16T18:42:00","slug":"waldir-calmon-uma-noite-no-arpege-no-3-1959","status":"publish","type":"post","link":"https:\/\/www.toque-musicall.com\/?p=962","title":{"rendered":"Waldir Calmon &#8211; Uma Noite No Arp\u00e8ge N\u00ba 3 (1959)"},"content":{"rendered":"<p><a href=\"http:\/\/3.bp.blogspot.com\/_DSKVEvHtskc\/S1IkjfTdrqI\/AAAAAAAAGDg\/jyRTN6VX7Yk\/s1600-h\/waldir+calmon+P.JPG\"><img decoding=\"async\" style=\"display:block; margin:0px auto 10px; text-align:center;cursor:pointer; cursor:hand;width: 400px; height: 396px;\" src=\"http:\/\/3.bp.blogspot.com\/_DSKVEvHtskc\/S1IkjfTdrqI\/AAAAAAAAGDg\/jyRTN6VX7Yk\/s400\/waldir+calmon+P.JPG\" border=\"0\" alt=\"\" id=\"BLOGGER_PHOTO_ID_5427440693052026530\" \/><\/a>Vou confessar uma coisa. At\u00e9 pouco antes de postar um primeiro disco do Waldir Calmon eu tinha uma certa antipatia (gratuita) dele. N\u00e3o sei bem explicar isso, mas achava o seu &#8216;som&#8217; algo meio cafona (cafona, que express\u00e3o antiga!). Acho que associei sua imagem com uma coisa fora do tempo. E realmente \u00e9, mas definitivamente n\u00e3o \u00e9 cafona. Acho que no fundo eu n\u00e3o o conhecia bem. N\u00e3o conhecia direito sua m\u00fasica e suas qualidades como instrumentista. Foi preciso ouvir com outros olhos e tamb\u00e9m com um melhor ouvido. Hoje posso dizer que sou f\u00e3 (ou fan se quiserem) da m\u00fasica produzida pelo cara. N\u00e3o \u00e9 atoa que o presente \u00e1lbum j\u00e1 \u00e9 o quarto dele aqui no Toque Musical. E pelo jeito n\u00e3o sou o \u00fanico o apreciador, todos que eu postei sempre deram o maior &#8216;ibope&#8217;. Assim, mais uma vez, vamos com ele em &#8220;Uma noite no Arp\u00e8ge N\u00ba 3&#8221;. Este terceiro volume da s\u00e9rie foi o primeiro lan\u00e7ado pelo selo Arp\u00e8ge, criado pelo pr\u00f3prio artista em sua &#8220;Produ\u00e7\u00f5es Art\u00edsticas Waldir Calmon S. A.&#8221; Arp\u00e8ge, como todos sabem, tamb\u00e9m era o nome de sua casa noturna. Como podemos ver, o Waldir n\u00e3o era apenas bom como artista, tamb\u00e9m tinha um &#8216;olho empresarial&#8217;. O n\u00famero 3, assim como os demais \u00e9 um disco para dan\u00e7ar. Come\u00e7a calmo, com m\u00fasicas para se dan\u00e7ar a dois, juntinhos. O ritmo dan\u00e7ante, a cada faixa vai ficando mais animado, at\u00e9 chegar no lado B onde temos uma verdadeira festa de estilos ao compasso do samba e sem intervalo. Uma das coisas que me chama a aten\u00e7\u00e3o neste disco s\u00e3o os arranjos e o acompanhamento de uma guitarra (ou viol\u00e3o el\u00e9trico, sei l\u00e1) maravilhosa. Gostaria de descobrir quem era o m\u00fasico que o acompanha. Muito bom! Se algu\u00e9m a\u00ed sabe, conta pra mim, t\u00e1? \ud83d\ude42<\/p>\n<div><\/div>\n<div style=\"text-align: center;\">castigo<\/div>\n<div style=\"text-align: center;\">eu sei que vou te amar<\/div>\n<div style=\"text-align: center;\">a certain smile<\/div>\n<div style=\"text-align: center;\">piove<\/div>\n<div style=\"text-align: center;\">eso es el amor<\/div>\n<div style=\"text-align: center;\">el bodeguero<\/div>\n<div style=\"text-align: center;\">ginga das palmas<\/div>\n<div style=\"text-align: center;\">recado <\/div>\n<div style=\"text-align: center;\">ainda \u00e9 tempo<\/div>\n<div style=\"text-align: center;\">viva meu samba<\/div>\n<div style=\"text-align: center;\">dan\u00e7a das horas<\/div>\n<div style=\"text-align: center;\">dan\u00e7a dos sabres<\/div>\n<div style=\"text-align: center;\"><\/div>\n<div style=\"text-align: center;\"><\/div>\n","protected":false},"excerpt":{"rendered":"<p>Vou confessar uma coisa. At\u00e9 pouco antes de postar um primeiro disco do Waldir Calmon eu tinha uma certa antipatia (gratuita) dele. N\u00e3o sei bem explicar isso, mas achava o seu &#8216;som&#8217; algo meio cafona (cafona, que express\u00e3o antiga!). Acho &hellip; <a href=\"https:\/\/www.toque-musicall.com\/?p=962\">Continue lendo <span class=\"meta-nav\">&rarr;<\/span><\/a><\/p>\n","protected":false},"author":1,"featured_media":0,"comment_status":"open","ping_status":"closed","sticky":false,"template":"","format":"standard","meta":{"footnotes":""},"categories":[665],"tags":[],"class_list":["post-962","post","type-post","status-publish","format-standard","hentry","category-waldir-calmon"],"_links":{"self":[{"href":"https:\/\/www.toque-musicall.com\/index.php?rest_route=\/wp\/v2\/posts\/962","targetHints":{"allow":["GET"]}}],"collection":[{"href":"https:\/\/www.toque-musicall.com\/index.php?rest_route=\/wp\/v2\/posts"}],"about":[{"href":"https:\/\/www.toque-musicall.com\/index.php?rest_route=\/wp\/v2\/types\/post"}],"author":[{"embeddable":true,"href":"https:\/\/www.toque-musicall.com\/index.php?rest_route=\/wp\/v2\/users\/1"}],"replies":[{"embeddable":true,"href":"https:\/\/www.toque-musicall.com\/index.php?rest_route=%2Fwp%2Fv2%2Fcomments&post=962"}],"version-history":[{"count":0,"href":"https:\/\/www.toque-musicall.com\/index.php?rest_route=\/wp\/v2\/posts\/962\/revisions"}],"wp:attachment":[{"href":"https:\/\/www.toque-musicall.com\/index.php?rest_route=%2Fwp%2Fv2%2Fmedia&parent=962"}],"wp:term":[{"taxonomy":"category","embeddable":true,"href":"https:\/\/www.toque-musicall.com\/index.php?rest_route=%2Fwp%2Fv2%2Fcategories&post=962"},{"taxonomy":"post_tag","embeddable":true,"href":"https:\/\/www.toque-musicall.com\/index.php?rest_route=%2Fwp%2Fv2%2Ftags&post=962"}],"curies":[{"name":"wp","href":"https:\/\/api.w.org\/{rel}","templated":true}]}}