{"id":963,"date":"2010-01-15T21:19:00","date_gmt":"2010-01-15T21:19:00","guid":{"rendered":"http:\/\/www.toque-musicall.com\/?p=963"},"modified":"2010-01-15T21:19:00","modified_gmt":"2010-01-15T21:19:00","slug":"carlos-lucena-danca-das-flores-1985","status":"publish","type":"post","link":"https:\/\/www.toque-musicall.com\/?p=963","title":{"rendered":"Carlos Lucena &#8211; Dan\u00e7a Das Flores (1985)"},"content":{"rendered":"<p><a href=\"http:\/\/3.bp.blogspot.com\/_DSKVEvHtskc\/S1DcnuD-P5I\/AAAAAAAAGDM\/wi2z-TsQXKQ\/s1600-h\/carlos+lucena+P.JPG\"><img decoding=\"async\" style=\"display:block; margin:0px auto 10px; text-align:center;cursor:pointer; cursor:hand;width: 400px; height: 400px;\" src=\"http:\/\/3.bp.blogspot.com\/_DSKVEvHtskc\/S1DcnuD-P5I\/AAAAAAAAGDM\/wi2z-TsQXKQ\/s400\/carlos+lucena+P.JPG\" border=\"0\" alt=\"\" id=\"BLOGGER_PHOTO_ID_5427080125919149970\" \/><\/a>Ol\u00e1! A semana passou t\u00e3o r\u00e1pido que eu nem me dei conta de j\u00e1 estarmos numa sexta feira. Quando a gente anda muito ocupado e com a cabe\u00e7a cheia de problemas, as vezes essa percep\u00e7\u00e3o passa batida. Confesso que hoje, para mim, n\u00e3o \u00e9 um dos melhores dias, embora seja o dia que eu mais gosto. Estou sem tes\u00e3o at\u00e9 para escrever. Mas eu n\u00e3o vou deixar a peteca cair. <\/p>\n<div>Segue aqui a postagem com o um disco independente da semana. Vamos hoje com o cantor, compositor e instrumentista mineiro <a href=\"http:\/\/www.carloslucena.com.br\/\">Carlos Lucena<\/a>. Para os que n\u00e3o o conhecem, Cac\u00e1 \u00e9 um artista dos mais interessantes. Sua m\u00fasica tem o sabor das coisas de Minas e uma poesia<\/div>\n<div>que reflete elementos m\u00edsticos relacionados a natureza e a ecologia. Como tantos outros artistas do interior mineiro, ele tamb\u00e9m seguiu para os grandes centros urbanos. Mas ao contr\u00e1rio da maioria, preferiu voltar \u00e0s suas origens. Ele nasceu na cidade de Joa\u00edma, no norte de Minas. Veio ainda muito novo para a capital. Participou de diversos festivais, inclusive em S\u00e3o Paulo, onde l\u00e1 tamb\u00e9m ficou por um tempo, tocando na noite. Em Belo Horizonte ele tocou ao lado de grandes nomes mineiros como L\u00f4 Borges, Tadeu Franco, Paulinho Pedra Azul, D\u00e9rcio Marques e muitos outros. Ele vive atualmente na cidade de Te\u00f3filo Otoni. <\/div>\n<div>&#8220;Dan\u00e7a da folhas&#8221;, uma produ\u00e7\u00e3o independente, foi seu segundo disco. Uma viagem \u00e0s coisas m\u00edsticas, ao mundo dos gnomos e fadas . Um trabalho que segundo ele \u00e9 dedicado \u00e0 magia da Divina Natureza, ao encantamento do doce canto dos elementais. Ser\u00e1 que foi isso mesmo que eu entendi? Aaah&#8230; n\u00e3o importa, eu tamb\u00e9m acredito em duendes e adoro a sua m\u00fasica. (Desculpe, Cac\u00e1, mas hoje t\u00e1 dif\u00edcil&#8230;) Melhor mesmo \u00e9 ouvi-lo \ud83d\ude42<\/div>\n<div><\/div>\n<div style=\"text-align: center;\">franco<\/div>\n<div style=\"text-align: center;\">sina de cantador<\/div>\n<div style=\"text-align: center;\">clara<\/div>\n<div style=\"text-align: center;\">a solid\u00e3o nas estradas<\/div>\n<div style=\"text-align: center;\">os anjos da nova era<\/div>\n<div style=\"text-align: center;\">a dan\u00e7as das folhas<\/div>\n<div style=\"text-align: center;\">forr\u00f3 da boa esperan\u00e7a<\/div>\n<div style=\"text-align: center;\">hippie<\/div>\n<div style=\"text-align: center;\">rom\u00e2ntica<\/div>\n<div style=\"text-align: center;\">uma can\u00e7\u00e3o na estrada do sol<\/div>\n<div style=\"text-align: center;\"><\/div>\n<div style=\"text-align: center;\"><\/div>\n","protected":false},"excerpt":{"rendered":"<p>Ol\u00e1! A semana passou t\u00e3o r\u00e1pido que eu nem me dei conta de j\u00e1 estarmos numa sexta feira. Quando a gente anda muito ocupado e com a cabe\u00e7a cheia de problemas, as vezes essa percep\u00e7\u00e3o passa batida. Confesso que hoje, &hellip; <a href=\"https:\/\/www.toque-musicall.com\/?p=963\">Continue lendo <span class=\"meta-nav\">&rarr;<\/span><\/a><\/p>\n","protected":false},"author":1,"featured_media":0,"comment_status":"open","ping_status":"closed","sticky":false,"template":"","format":"standard","meta":{"footnotes":""},"categories":[332],"tags":[],"class_list":["post-963","post","type-post","status-publish","format-standard","hentry","category-carlos-lucena"],"_links":{"self":[{"href":"https:\/\/www.toque-musicall.com\/index.php?rest_route=\/wp\/v2\/posts\/963","targetHints":{"allow":["GET"]}}],"collection":[{"href":"https:\/\/www.toque-musicall.com\/index.php?rest_route=\/wp\/v2\/posts"}],"about":[{"href":"https:\/\/www.toque-musicall.com\/index.php?rest_route=\/wp\/v2\/types\/post"}],"author":[{"embeddable":true,"href":"https:\/\/www.toque-musicall.com\/index.php?rest_route=\/wp\/v2\/users\/1"}],"replies":[{"embeddable":true,"href":"https:\/\/www.toque-musicall.com\/index.php?rest_route=%2Fwp%2Fv2%2Fcomments&post=963"}],"version-history":[{"count":0,"href":"https:\/\/www.toque-musicall.com\/index.php?rest_route=\/wp\/v2\/posts\/963\/revisions"}],"wp:attachment":[{"href":"https:\/\/www.toque-musicall.com\/index.php?rest_route=%2Fwp%2Fv2%2Fmedia&parent=963"}],"wp:term":[{"taxonomy":"category","embeddable":true,"href":"https:\/\/www.toque-musicall.com\/index.php?rest_route=%2Fwp%2Fv2%2Fcategories&post=963"},{"taxonomy":"post_tag","embeddable":true,"href":"https:\/\/www.toque-musicall.com\/index.php?rest_route=%2Fwp%2Fv2%2Ftags&post=963"}],"curies":[{"name":"wp","href":"https:\/\/api.w.org\/{rel}","templated":true}]}}