{"id":9633,"date":"2022-09-24T10:06:00","date_gmt":"2022-09-24T13:06:00","guid":{"rendered":"https:\/\/www.toque-musicall.com\/?p=9633"},"modified":"2022-10-23T10:10:01","modified_gmt":"2022-10-23T13:10:01","slug":"gracinha-leporace-1968-2","status":"publish","type":"post","link":"https:\/\/www.toque-musicall.com\/?p=9633","title":{"rendered":"Gracinha Leporace (1968)"},"content":{"rendered":"\n<figure class=\"wp-block-image size-large\"><img decoding=\"async\" src=\"https:\/\/blogger.googleusercontent.com\/img\/b\/R29vZ2xl\/AVvXsEiaqyDmDEnZd8HggyW5iiAB8yIrwoWXUS5_goFVUuiuSL9_4S52vpwfcDx4KDnA9ltzRK-3U-4dC28CTt1DSe-smwBDhGTVqCRB3WEZUeKngpLLXQLN3oEgffmIw0irlvK5JnnJxf-tHgzuqpWre9Hplo2ePB5UjG7rKMQDy23g5znrHbg4tgPMNLt3ZQ\/w640-h636\/Capturar.JPG\" alt=\"\"\/><\/figure>\n\n\n\n<figure class=\"wp-block-image size-large\"><img decoding=\"async\" src=\"https:\/\/blogger.googleusercontent.com\/img\/b\/R29vZ2xl\/AVvXsEixl1HS90KtPpp4bB8zHW3RRzRYbmGVZYaN4vVf-5IoBM0LCeU_z1rO1Q9Tu9X3wpuvWbhAw2fa8IU6GjvTV2wYTQtXqpKFP-7Z7-eq7R72vQOELECKI6h4CfVJB3OChQoJUVOFcKuL6hmVGk78R7Z7i28LUWeNLgx5sutowL_HiTEtlTe8xGSfsU5nlQ\/w640-h630\/Capturarb.JPG\" alt=\"\"\/><\/figure>\n\n\n<p>Gracinha Leporace (Rio de Janeiro, 20 de janeiro de 1949) \u00e9 uma cantora brasileira.\u00a0Apareceu na cena musical brasileira em\u00a01965\u00a0integrando o Grupo Manifesto, um grupo vocal e instrumental formado entre outros por\u00a0Guttemberg Guarabyra, Fernando Leporace, seu irm\u00e3o,\u00a0Guto Gra\u00e7a Mello\u00a0e\u00a0Mariozinho Rocha. Com o Manifesto, em 1967 Gracinha foi eleita a melhor int\u00e9rprete com &#8220;&#8221;Can\u00e7\u00e3o de esperar voc\u00ea&#8221;, de seu irm\u00e3o Fernando,<sup id=\"cite_ref-albin_1-1\" class=\"reference\"><a href=\"https:\/\/pt.wikipedia.org\/wiki\/Gracinha_Leporace#cite_note-albin-1\">[1]<\/a><\/sup>\u00a0e venceu a fase nacional do\u00a0II Festival Internacional da Can\u00e7\u00e3o, com a m\u00fasica &#8220;Margarida&#8221;, de Guarabira, cantada pelo Manifesto, do qual tamb\u00e9m fazia parte. Na fase internacional, os brasileiros ficaram em terceiro lugar e neste mesmo ano lan\u00e7aram seu primeiro \u00e1lbum,\u00a0<i>Manifesto Musical<\/i>.\u00a0Em 1968, Gracinha lan\u00e7ou seu \u00fanico disco solo,\u00a0<i>Gracinha Leporace<\/i>, com composi\u00e7\u00f5es de Edu Lobo, Vinicius de Moraes, Tom Jobim e Carlinhos Lyra. No ano seguinte, ela conheceu S\u00e9rgio Mendes, l\u00edder do Sergio Mendes &amp; Brazil 66, que fazia ent\u00e3o grande sucesso nos Estados Unidos e em todo mundo, e que criou o Grupo Bossa Rio, todo com integrantes brasileiros, para fazer uma grande turn\u00ea mundial. Com S\u00e9rgio, Gracinha apresentou-se no MIDEM (<i>March\u00e9 International du Disque et de l&#8217;Edition Musicale<\/i>), na Fran\u00e7a, no Jap\u00e3o e gravou mais dois discos.\u00a0O relacionamento com S\u00e9rgio Mendes tornou-se afetivo e os dois casaram-se, indo Gracinha viver nos Estados Unidos a partir de 1970, onde ela substituiu\u00a0Lani Hall, a vocalista norte-americana do Brazil 66, na banda do marido. Desde ent\u00e3o, ela tem participado das grava\u00e7\u00f5es e shows das diversas forma\u00e7\u00f5es do grupo de Sergio Mendes, inclusive gravando os vocais do \u00faltimo grande sucesso mundial do grupo, uma nova vers\u00e3o de\u00a0<i>Mas Que Nada<\/i>, de\u00a0Jorge Ben, junto com o grupo norte-americano\u00a0Black Eyed Peas, para o \u00faltimo CD de S\u00e9rgio Mendes,\u00a0<i>Timeless.<\/i><\/p>\n<p>(fonte Wikipedia)<\/p>\n<div class=\"separator\">\n<p style=\"text-align: center;\">\u00faltima batucada<\/p>\n<p style=\"text-align: center;\">rancho de ano novo<\/p>\n<p style=\"text-align: center;\">madrugada<\/p>\n<p style=\"text-align: center;\">prece<\/p>\n<p style=\"text-align: center;\">mensagem<\/p>\n<p style=\"text-align: center;\">can\u00e7\u00e3o da desesperan\u00e7a<\/p>\n<p style=\"text-align: center;\">a saudade fez um samba<\/p>\n<p style=\"text-align: center;\">senhora senhorinha<\/p>\n<p style=\"text-align: center;\">sem sa\u00edda<\/p>\n<p style=\"text-align: center;\">cantiga<\/p>\n<p style=\"text-align: center;\">em tempo<\/p>\n<p style=\"text-align: center;\">chega de saudade<\/p>\n<p>.<\/p>\n<\/div>","protected":false},"excerpt":{"rendered":"<p>Gracinha Leporace (Rio de Janeiro, 20 de janeiro de 1949) \u00e9 uma cantora brasileira.\u00a0Apareceu na cena musical brasileira em\u00a01965\u00a0integrando o Grupo Manifesto, um grupo vocal e instrumental formado entre outros por\u00a0Guttemberg Guarabyra, Fernando Leporace, seu irm\u00e3o,\u00a0Guto Gra\u00e7a Mello\u00a0e\u00a0Mariozinho Rocha. Com &hellip; <a href=\"https:\/\/www.toque-musicall.com\/?p=9633\">Continue lendo <span class=\"meta-nav\">&rarr;<\/span><\/a><\/p>\n","protected":false},"author":1,"featured_media":0,"comment_status":"closed","ping_status":"closed","sticky":false,"template":"","format":"standard","meta":{"footnotes":""},"categories":[1],"tags":[5247,3012],"class_list":["post-9633","post","type-post","status-publish","format-standard","hentry","category-sem-categoria","tag-gracinha-leporace","tag-selo-philips"],"_links":{"self":[{"href":"https:\/\/www.toque-musicall.com\/index.php?rest_route=\/wp\/v2\/posts\/9633","targetHints":{"allow":["GET"]}}],"collection":[{"href":"https:\/\/www.toque-musicall.com\/index.php?rest_route=\/wp\/v2\/posts"}],"about":[{"href":"https:\/\/www.toque-musicall.com\/index.php?rest_route=\/wp\/v2\/types\/post"}],"author":[{"embeddable":true,"href":"https:\/\/www.toque-musicall.com\/index.php?rest_route=\/wp\/v2\/users\/1"}],"replies":[{"embeddable":true,"href":"https:\/\/www.toque-musicall.com\/index.php?rest_route=%2Fwp%2Fv2%2Fcomments&post=9633"}],"version-history":[{"count":1,"href":"https:\/\/www.toque-musicall.com\/index.php?rest_route=\/wp\/v2\/posts\/9633\/revisions"}],"predecessor-version":[{"id":9634,"href":"https:\/\/www.toque-musicall.com\/index.php?rest_route=\/wp\/v2\/posts\/9633\/revisions\/9634"}],"wp:attachment":[{"href":"https:\/\/www.toque-musicall.com\/index.php?rest_route=%2Fwp%2Fv2%2Fmedia&parent=9633"}],"wp:term":[{"taxonomy":"category","embeddable":true,"href":"https:\/\/www.toque-musicall.com\/index.php?rest_route=%2Fwp%2Fv2%2Fcategories&post=9633"},{"taxonomy":"post_tag","embeddable":true,"href":"https:\/\/www.toque-musicall.com\/index.php?rest_route=%2Fwp%2Fv2%2Ftags&post=9633"}],"curies":[{"name":"wp","href":"https:\/\/api.w.org\/{rel}","templated":true}]}}