{"id":9638,"date":"2022-10-01T07:09:36","date_gmt":"2022-10-01T10:09:36","guid":{"rendered":"https:\/\/www.toque-musicall.com\/?p=9638"},"modified":"2022-11-28T20:03:38","modified_gmt":"2022-11-28T23:03:38","slug":"raiz-de-pedra-trajetoria-1985","status":"publish","type":"post","link":"https:\/\/www.toque-musicall.com\/?p=9638","title":{"rendered":"Raiz De Pedra &#8211; Trajet\u00f3ria (1985)"},"content":{"rendered":"\n<figure class=\"wp-block-image size-large\"><img decoding=\"async\" src=\"https:\/\/blogger.googleusercontent.com\/img\/b\/R29vZ2xl\/AVvXsEi56B3uwcU-bBYTkNrbFIrqwUHD2vgVWuAx73SYH4DcopqBhdzoCmnzwmDu6FAiqyunBY2hrBil5Ih2nL4xqQHN1R7E7KSCRkXHzdUCQWcbO3ZqLgQTX8B6z7-i60u6IV52BU4u362JTKOns2DaIQh_-i78BTMLGYRHyS3uw7M_PskXlFTL2vetODKW6A\/w628-h640\/Capturarf.JPG\" alt=\"\"\/><\/figure>\n\n\n\n<figure class=\"wp-block-image size-large\"><img decoding=\"async\" src=\"https:\/\/blogger.googleusercontent.com\/img\/b\/R29vZ2xl\/AVvXsEhx_7Dix0sggTi-81dDffd6otN94IsZ1JbUO6B1PossC5BLLhUKJ9t-ppXh2XHMFAPjLBDS1gnrRfQqoNFc_12zFGNZTaXCxB70ixin_SNFZfoxhtg-CV0VRKJe2zyIvbzOXGFN_3pFaKJi3nS95DuL1Ph5lIEGqKvP0isxqREnaz37agAn3pRwnmtgPA\/w632-h640\/Capturarb.JPG\" alt=\"\"\/><\/figure>\n\n\n<div class=\"separator\">No in\u00edcio da d\u00e9cada de 80, surgiu um dos mais importantes grupos de Porto Alegre, o Raiz de Pedra. Pedro Tagliani &#8211; viol\u00e3o e guitarra, M\u00e1rcio Tubino &#8211; flauta e saxofones e C\u00e9sar Audi &#8211; bateria criaram uma nova linguagem de Jazz progressivo que os tornaria conhecidos e respeitados por toda a Europa. Lan\u00e7aram seu primeiro LP (Trajet\u00f3ria em 1985) totalmente independente e em seguida mais um LP independente em 1988 (Ao Vivo). Gravaram na Alemanha, em 1989, o \u00e1lbum Pictures com a gravadora Mazurmuzik e mais tarde em 1996, o \u00e1lbum Di\u00e1rio de Bordo que contou com a participa\u00e7\u00e3o de Egberto Gismonti como pianista e co-arranjador. Desde ent\u00e3o, o grupo Raiz de Pedra tem atuado em shows e trabalhos individuais pelo exterior.<\/div>\n<div class=\"separator\">\u00a0<\/div>\n<div class=\"separator\">prisma<\/div>\n<div class=\"separator\">quatro cores<\/div>\n<div class=\"separator\">trajet\u00f3ria<\/div>\n<div class=\"separator\">movimento<\/div>\n<div class=\"separator\">carnaval dos aflitos<\/div>\n<div class=\"separator\">c\u00e9u espelhos e cristal<\/div>\n<div class=\"separator\">alameda das orqu\u00eddeas<\/div>\n<div class=\"separator\">cavalgada<\/div>\n<div class=\"separator\">de passagem<\/div>\n<div class=\"separator\">\u00a0<\/div>\n<div class=\"separator\">*Texto extra\u00eddo da biografia<\/div>","protected":false},"excerpt":{"rendered":"<p>No in\u00edcio da d\u00e9cada de 80, surgiu um dos mais importantes grupos de Porto Alegre, o Raiz de Pedra. Pedro Tagliani &#8211; viol\u00e3o e guitarra, M\u00e1rcio Tubino &#8211; flauta e saxofones e C\u00e9sar Audi &#8211; bateria criaram uma nova linguagem &hellip; <a href=\"https:\/\/www.toque-musicall.com\/?p=9638\">Continue lendo <span class=\"meta-nav\">&rarr;<\/span><\/a><\/p>\n","protected":false},"author":1,"featured_media":0,"comment_status":"closed","ping_status":"closed","sticky":false,"template":"","format":"standard","meta":{"footnotes":""},"categories":[5248],"tags":[5249,3017],"class_list":["post-9638","post","type-post","status-publish","format-standard","hentry","category-raiz-de-pedra","tag-raiz-de-pedra","tag-selo-independente"],"_links":{"self":[{"href":"https:\/\/www.toque-musicall.com\/index.php?rest_route=\/wp\/v2\/posts\/9638","targetHints":{"allow":["GET"]}}],"collection":[{"href":"https:\/\/www.toque-musicall.com\/index.php?rest_route=\/wp\/v2\/posts"}],"about":[{"href":"https:\/\/www.toque-musicall.com\/index.php?rest_route=\/wp\/v2\/types\/post"}],"author":[{"embeddable":true,"href":"https:\/\/www.toque-musicall.com\/index.php?rest_route=\/wp\/v2\/users\/1"}],"replies":[{"embeddable":true,"href":"https:\/\/www.toque-musicall.com\/index.php?rest_route=%2Fwp%2Fv2%2Fcomments&post=9638"}],"version-history":[{"count":2,"href":"https:\/\/www.toque-musicall.com\/index.php?rest_route=\/wp\/v2\/posts\/9638\/revisions"}],"predecessor-version":[{"id":9652,"href":"https:\/\/www.toque-musicall.com\/index.php?rest_route=\/wp\/v2\/posts\/9638\/revisions\/9652"}],"wp:attachment":[{"href":"https:\/\/www.toque-musicall.com\/index.php?rest_route=%2Fwp%2Fv2%2Fmedia&parent=9638"}],"wp:term":[{"taxonomy":"category","embeddable":true,"href":"https:\/\/www.toque-musicall.com\/index.php?rest_route=%2Fwp%2Fv2%2Fcategories&post=9638"},{"taxonomy":"post_tag","embeddable":true,"href":"https:\/\/www.toque-musicall.com\/index.php?rest_route=%2Fwp%2Fv2%2Ftags&post=9638"}],"curies":[{"name":"wp","href":"https:\/\/api.w.org\/{rel}","templated":true}]}}