{"id":964,"date":"2010-01-13T13:18:00","date_gmt":"2010-01-13T13:18:00","guid":{"rendered":"http:\/\/www.toque-musicall.com\/?p=964"},"modified":"2010-01-13T13:18:00","modified_gmt":"2010-01-13T13:18:00","slug":"paulinho-e-seu-piano-ritmo-fascinante-no-3-1959","status":"publish","type":"post","link":"https:\/\/www.toque-musicall.com\/?p=964","title":{"rendered":"Paulinho E Seu Piano &#8211; Ritmo Fascinante N\u00ba 3 (1959)"},"content":{"rendered":"<p><a href=\"http:\/\/3.bp.blogspot.com\/_DSKVEvHtskc\/S03KEc3uD2I\/AAAAAAAAGCs\/2BSWcQfcHnA\/s1600-h\/paulinho+e+seu+conjunto+P.JPG\"><img decoding=\"async\" style=\"margin: 0px auto 10px; display: block; text-align: center; cursor: pointer; width: 397px; height: 400px;\" src=\"http:\/\/3.bp.blogspot.com\/_DSKVEvHtskc\/S03KEc3uD2I\/AAAAAAAAGCs\/2BSWcQfcHnA\/s400\/paulinho+e+seu+conjunto+P.JPG\" alt=\"\" id=\"BLOGGER_PHOTO_ID_5426215303869501282\" border=\"0\" \/><\/a>Ol\u00e1! Inicialmente eu gostaria de esclarecer, mais uma vez, uma quest\u00e3o que sempre vem a tona. Muitos ainda me perguntam sobre um outro Toque Musical que se encontra restrito \u00e0 convidados. Como j\u00e1 informei, o blog restrito \u00e9 o original, foi nele que as minhas postagens come\u00e7aram. Quando postei, em primeira m\u00e3o, as grava\u00e7\u00f5es caseiras de Jo\u00e3o Gilberto feitas pelo fot\u00f3grafo Chico Pereira, houve aquele grande &#8216;bum&#8217;, se tornando um dos assuntos mais comentados da rede, not\u00edcia em todos meios de comunica\u00e7\u00e3o. Coisa que ainda hoje ecoa pelo quatro cantos. Diante a tanto barulho, mas principalmente em raz\u00e3o de amea\u00e7as an\u00f4nimas por parte de uns e despeito de outros, resolvi transformar o blog num espa\u00e7o privado, restrito apenas \u00e0queles que fosse amigos cultos e ocultos \ud83d\ude42 Infelizmente havia um limite para o n\u00famero de associados o que me obrigou a rever minha inten\u00e7\u00f5es. As amea\u00e7as contra o blog continuaram. Foi conversando com o amigo Zecaloro, do Loronix, que ele me sugeriu criar um &#8216;espelho&#8217;, ou seja um blog clone. Durante um tempo (alguns ainda se lembram) mantive os dois blogs funcionando publicamente, sempre com as postagens di\u00e1rias. Depois percebi que tudo aquilo era em v\u00e3o e s\u00f3 criava mais confus\u00e3o para os amigos usu\u00e1rios. Da\u00ed resolvi retirar o primeiro da circula\u00e7\u00e3o p\u00fablica, mantendo-o ainda como um ref\u00fagio em caso de poss\u00edveis retalia\u00e7\u00f5es. Desde ent\u00e3o ele continua l\u00e1, desatualizado, sem links e limitado aos meus fantamas. Mesmo n\u00e3o estando acess\u00edvel ele ainda continua criando confus\u00e3o na cabe\u00e7a de alguns. Talvez porque as vezes acontece de eu estar &#8216;logado&#8217; (de login) com outro e-mail \ud83d\ude09 Mas enfim, o que vale est\u00e1 aqui, no endere\u00e7o atual.<br \/>Putz, que introdu\u00e7\u00e3o! Vamos agora ao \u00e1lbum do dia. Hoje vamos curtir o &#8220;Ritmo Fascinante N\u00ba 3&#8221; da gravadora Copacabana. Lan\u00e7ado em 1959, este \u00e9 mais um &#8216;long-play&#8217; da s\u00e9rie onde s\u00f3 existem os volumes 1 e 3. Neste, temos o pianista Paulo Lima de Jesus, o Paulinho Preto, que tocou nas orquestras dos maestros Carioca, Silvio Mazzuca e Cas\u00e9. Acompanhou tamb\u00e9m a cantora Leny Everson, cujo o \u00e1lbum N\u00ba 1 \u00e9 dela. Possivelmente o Paulinho deve tamb\u00e9m ter participado deste disco, pois justamente no ano seguinte o &#8216;Caramujo&#8217; iria cham\u00e1-lo para assinar o N\u00ba 3 (por favor, n\u00e3o me pergunte qual e nem onde entra o N\u00ba 2). Pelo texto da contracapa deste \u00e1lbum se percebe que a Copacabana ficou mesmo impressionada com o talento do Paulinho.<br \/>Sem d\u00favidas, o pianista, arranjador e compositor \u00e9 muito bom. Acompanhado por uma pequena  banda com  sax, flauta, contrabaixo, bateria e percuss\u00e3o eles tocam um variado leque que vai do samba ao bolero, do fox ao jazz. Paulinho entra ainda com quase todos os arranjos e a faixa &#8220;Paulinho no choro&#8221;. Um trabalho bacana que ainda contou com um apelo visual. Uma t\u00edpica capa de um disco de jazz, n\u00e9 n\u00e3o? S\u00f3 por ela j\u00e1 vale uma conferida \ud83d\ude09<\/p>\n<div style=\"text-align: center;\">sele\u00e7\u00e3o de cl\u00e1ssicos<br \/>till<br \/>prel\u00fadio<br \/>concerto d&#8217;autunno<br \/>mais um outono<br \/>i love paris<br \/>o rei do samba<br \/>love for sale<br \/>tente sorrir<br \/>poinciana<br \/>paulinho no choro<br \/>all the way<\/div>\n","protected":false},"excerpt":{"rendered":"<p>Ol\u00e1! Inicialmente eu gostaria de esclarecer, mais uma vez, uma quest\u00e3o que sempre vem a tona. Muitos ainda me perguntam sobre um outro Toque Musical que se encontra restrito \u00e0 convidados. Como j\u00e1 informei, o blog restrito \u00e9 o original, &hellip; <a href=\"https:\/\/www.toque-musicall.com\/?p=964\">Continue lendo <span class=\"meta-nav\">&rarr;<\/span><\/a><\/p>\n","protected":false},"author":1,"featured_media":0,"comment_status":"open","ping_status":"closed","sticky":false,"template":"","format":"standard","meta":{"footnotes":""},"categories":[1273],"tags":[],"class_list":["post-964","post","type-post","status-publish","format-standard","hentry","category-paulinho-e-seu-piano"],"_links":{"self":[{"href":"https:\/\/www.toque-musicall.com\/index.php?rest_route=\/wp\/v2\/posts\/964","targetHints":{"allow":["GET"]}}],"collection":[{"href":"https:\/\/www.toque-musicall.com\/index.php?rest_route=\/wp\/v2\/posts"}],"about":[{"href":"https:\/\/www.toque-musicall.com\/index.php?rest_route=\/wp\/v2\/types\/post"}],"author":[{"embeddable":true,"href":"https:\/\/www.toque-musicall.com\/index.php?rest_route=\/wp\/v2\/users\/1"}],"replies":[{"embeddable":true,"href":"https:\/\/www.toque-musicall.com\/index.php?rest_route=%2Fwp%2Fv2%2Fcomments&post=964"}],"version-history":[{"count":0,"href":"https:\/\/www.toque-musicall.com\/index.php?rest_route=\/wp\/v2\/posts\/964\/revisions"}],"wp:attachment":[{"href":"https:\/\/www.toque-musicall.com\/index.php?rest_route=%2Fwp%2Fv2%2Fmedia&parent=964"}],"wp:term":[{"taxonomy":"category","embeddable":true,"href":"https:\/\/www.toque-musicall.com\/index.php?rest_route=%2Fwp%2Fv2%2Fcategories&post=964"},{"taxonomy":"post_tag","embeddable":true,"href":"https:\/\/www.toque-musicall.com\/index.php?rest_route=%2Fwp%2Fv2%2Ftags&post=964"}],"curies":[{"name":"wp","href":"https:\/\/api.w.org\/{rel}","templated":true}]}}