{"id":965,"date":"2010-01-12T09:53:00","date_gmt":"2010-01-12T09:53:00","guid":{"rendered":"http:\/\/www.toque-musicall.com\/?p=965"},"modified":"2010-01-12T09:53:00","modified_gmt":"2010-01-12T09:53:00","slug":"wanda-vagamente-1964","status":"publish","type":"post","link":"https:\/\/www.toque-musicall.com\/?p=965","title":{"rendered":"Wanda &#8211; Vagamente (1964)"},"content":{"rendered":"<div align=\"left\"><a href=\"http:\/\/1.bp.blogspot.com\/_DSKVEvHtskc\/S0xHh6vb3OI\/AAAAAAAAGCY\/2AoQmkoJOfs\/s1600-h\/wandaP.JPG\"><img decoding=\"async\" style=\"TEXT-ALIGN: center; MARGIN: 0px auto 10px; WIDTH: 400px; DISPLAY: block; HEIGHT: 396px; CURSOR: hand\" id=\"BLOGGER_PHOTO_ID_5425790299104074978\" border=\"0\" alt=\"\" src=\"http:\/\/1.bp.blogspot.com\/_DSKVEvHtskc\/S0xHh6vb3OI\/AAAAAAAAGCY\/2AoQmkoJOfs\/s400\/wandaP.JPG\" \/><\/a>Ol\u00e1 amigos cultos e ocultos! Come\u00e7ando bem o dia, trago para voc\u00eas um disco com a cara desta manh\u00e3 ensolarada. A\u00ed para os lados de voc\u00eas est\u00e1 chovendo, est\u00e1 nevando, est\u00e1 frio, j\u00e1 \u00e9 tarde ou j\u00e1 \u00e9 noite? Bom, tudo bem&#8230; Mas ao escutar este \u00e1lbum, com certeza, uma linda manh\u00e3 de sol vir\u00e1 na lembran\u00e7a e tomara que assim permane\u00e7a pelo menos enquanto se est\u00e1 na companhia de Wanda. Este \u00e9 mais um daqueles discos que voltou a tona e gra\u00e7as ao bom gosto e sensibilidade de muitos permanece bem acess\u00edvel \u00e0queles que o procuram, principalmente se for atrav\u00e9s do blogosfera. O Toque Musical n\u00e3o est\u00e1 interessado em ficar repetido fichas, mas em casos especiais, principalmente quando se trata de algo que o autor aqui admira, elas ter\u00e3o sempre vez. &#8220;Vagamente&#8221; \u00e9 um \u00e1lbum muito bonito, simples e literalmente tocante em todos os sentidos. Por isso fa\u00e7o quest\u00e3o de tamb\u00e9m t\u00ea-lo em nossas postagens. &#8220;Vagamente&#8221; foi o \u00e1lbum de estr\u00e9ia da cantora e violonista Wanda S\u00e1. Ela foi descoberta por Ronaldo Boscoli. Foi aluna de Roberto Menescal em sua famosa escolinha de viol\u00e3o. Participou do grupo de S\u00e9rgio Mendes, o Brasil 65, quado este foi se apresentar nos Estados Unidos. Por l\u00e1 ela ficou um tempo chegando a gravar mais tr\u00eas disco, dois com o Brasil 65 e o solo &#8220;Softly&#8221;. Voltou ao Brasil no final dos anos 60 se apresentando com Baden Powell, Vinicius, o conjunto Bossa Tr\u00eas e outros. Nesta mesma \u00e9poca gravou com o saxofonista de jazz americano Paul Desmond. Depois casou-se com Edu Lobo e se afastou por um tempo das grava\u00e7\u00f5es e apresenta\u00e7\u00f5es. No final dos anos 80 ela retomou a carreira, passando a gravar novamente. No \u00e1lbum &#8220;Vagamente&#8221; ela vem acompanhada por mestres da bossa e seus conjuntos. Temos aqui Roberto Menescal, Ten\u00f3rio Jr. e Luiz Carlos Vinhas, Eumir Deodato e mais uma turma de outros m\u00fasicos, que embora n\u00e3o sendo citados, foram e s\u00e3o t\u00e3o importantes quanto esses. O repert\u00f3rio cheio de j\u00f3ias, obviamente, \u00e9 s\u00f3 Bossa Nova. Para aqueles que ainda n\u00e3o tiveram sua manh\u00e3 de sol, ta\u00ed uma boa pedida \ud83d\ude09<\/div>\n<div align=\"left\">.<\/div>\n<div align=\"left\"><\/div>\n<div align=\"center\">adriana<\/div>\n<div align=\"center\">e vem o sol<\/div>\n<div align=\"center\">encontro<\/div>\n<div align=\"center\">s\u00f3 me fez bem<\/div>\n<div align=\"center\">mar azul<\/div>\n<div align=\"center\">tamb\u00e9m quem mandou<\/div>\n<div align=\"center\">tristeza de n\u00f3s dois<\/div>\n<div align=\"center\">vivo sonhando<\/div>\n<div align=\"center\">sem mais adeus<\/div>\n<div align=\"center\">in\u00fatil paisagem<\/div>\n<div align=\"center\">tristeza de amar<\/div>\n<div align=\"center\">vagamente <\/div>\n<div align=\"center\"><\/div>\n<div align=\"center\"><\/div>\n","protected":false},"excerpt":{"rendered":"<p>Ol\u00e1 amigos cultos e ocultos! Come\u00e7ando bem o dia, trago para voc\u00eas um disco com a cara desta manh\u00e3 ensolarada. A\u00ed para os lados de voc\u00eas est\u00e1 chovendo, est\u00e1 nevando, est\u00e1 frio, j\u00e1 \u00e9 tarde ou j\u00e1 \u00e9 noite? Bom, &hellip; <a href=\"https:\/\/www.toque-musicall.com\/?p=965\">Continue lendo <span class=\"meta-nav\">&rarr;<\/span><\/a><\/p>\n","protected":false},"author":1,"featured_media":0,"comment_status":"open","ping_status":"closed","sticky":false,"template":"","format":"standard","meta":{"footnotes":""},"categories":[1274],"tags":[],"class_list":["post-965","post","type-post","status-publish","format-standard","hentry","category-wanda-sa"],"_links":{"self":[{"href":"https:\/\/www.toque-musicall.com\/index.php?rest_route=\/wp\/v2\/posts\/965","targetHints":{"allow":["GET"]}}],"collection":[{"href":"https:\/\/www.toque-musicall.com\/index.php?rest_route=\/wp\/v2\/posts"}],"about":[{"href":"https:\/\/www.toque-musicall.com\/index.php?rest_route=\/wp\/v2\/types\/post"}],"author":[{"embeddable":true,"href":"https:\/\/www.toque-musicall.com\/index.php?rest_route=\/wp\/v2\/users\/1"}],"replies":[{"embeddable":true,"href":"https:\/\/www.toque-musicall.com\/index.php?rest_route=%2Fwp%2Fv2%2Fcomments&post=965"}],"version-history":[{"count":0,"href":"https:\/\/www.toque-musicall.com\/index.php?rest_route=\/wp\/v2\/posts\/965\/revisions"}],"wp:attachment":[{"href":"https:\/\/www.toque-musicall.com\/index.php?rest_route=%2Fwp%2Fv2%2Fmedia&parent=965"}],"wp:term":[{"taxonomy":"category","embeddable":true,"href":"https:\/\/www.toque-musicall.com\/index.php?rest_route=%2Fwp%2Fv2%2Fcategories&post=965"},{"taxonomy":"post_tag","embeddable":true,"href":"https:\/\/www.toque-musicall.com\/index.php?rest_route=%2Fwp%2Fv2%2Ftags&post=965"}],"curies":[{"name":"wp","href":"https:\/\/api.w.org\/{rel}","templated":true}]}}