{"id":9670,"date":"2023-01-02T08:55:00","date_gmt":"2023-01-02T10:55:00","guid":{"rendered":"https:\/\/www.toque-musicall.com\/?p=9670"},"modified":"2023-01-22T11:41:03","modified_gmt":"2023-01-22T13:41:03","slug":"silvar-e-seu-regional-saudade-presente-1970","status":"publish","type":"post","link":"https:\/\/www.toque-musicall.com\/?p=9670","title":{"rendered":"Silvar E Seu Regional &#8211; Saudade Presente (1970)"},"content":{"rendered":"\n<figure class=\"wp-block-image size-large\"><img decoding=\"async\" src=\"https:\/\/blogger.googleusercontent.com\/img\/b\/R29vZ2xl\/AVvXsEiBNAiCKjX3CYcObppP7YjD-yAJ4tb6Z8xa3FfeVEtBruB_vOl-iM2GoJAzlrkVuRqWHDF5vX6fgfwm82yPo2_F2nfbt5zwUikuZPsHSo17AnEDoyLJjM6WZImnyR5RgyoKHhE3Ju1fIjZSMwHCJ9hmJ1ZpQh26_wPBaveiEEjqOCD22hsD2d7Lg2iR3w\/w636-h640\/Capturarf.JPG\" alt=\"\"\/><\/figure>\n\n\n\n<figure class=\"wp-block-image size-large\"><img decoding=\"async\" src=\"https:\/\/blogger.googleusercontent.com\/img\/b\/R29vZ2xl\/AVvXsEhte-O9lKAkqRbintB_Anrzmhj192aZlPHD3CLo91u814ypNjf7uRvJLQxzH5-Hr63fgvR9VTlZXr4q7LdJICknZruSrjusVx8TpUbfjCpqtTiC7B8CYAyP-9Ck0RViL3oDTJmIp_Bdos52KEQuJeTaIOEpaDGfYExvsPUEqrbbVzIn5yySnw9EDCAbFQ\/w640-h638\/Capturarb.JPG\" alt=\"\"\/><\/figure>\n\n\n<div class=\"separator\">feiti\u00e7o da vila<\/div>\n<div class=\"separator\">\u00faltimo desejo<\/div>\n<div class=\"separator\">a\u00ed que saudades da am\u00e9lia<\/div>\n<div class=\"separator\">favela<\/div>\n<div class=\"separator\">ai yo-yo-yo<\/div>\n<div class=\"separator\">sebastiana da silva<\/div>\n<div class=\"separator\">serenata<\/div>\n<div class=\"separator\">serra da boa esperan\u00e7a<\/div>\n<div class=\"separator\">rancho fundo<\/div>\n<div class=\"separator\">avemaria no morro<\/div>\n<div class=\"separator\">aquarela do brasil<\/div>\n<div class=\"separator\">canta brasil<\/div>\n<div class=\"separator\">adeus (cinco letras que choram)<\/div>\n<div class=\"separator\">cadeira vazia<\/div>\n<div class=\"separator\">porto dos casais<\/div>\n<div class=\"separator\">cabelos brancos<\/div>\n<div class=\"separator\">longe dos olhos<\/div>\n<div class=\"separator\">\u00a0<\/div>\n<div class=\"separator\">.<\/div>","protected":false},"excerpt":{"rendered":"<p>feiti\u00e7o da vila \u00faltimo desejo a\u00ed que saudades da am\u00e9lia favela ai yo-yo-yo sebastiana da silva serenata serra da boa esperan\u00e7a rancho fundo avemaria no morro aquarela do brasil canta brasil adeus (cinco letras que choram) cadeira vazia porto dos &hellip; <a href=\"https:\/\/www.toque-musicall.com\/?p=9670\">Continue lendo <span class=\"meta-nav\">&rarr;<\/span><\/a><\/p>\n","protected":false},"author":1,"featured_media":0,"comment_status":"closed","ping_status":"closed","sticky":false,"template":"","format":"standard","meta":{"footnotes":""},"categories":[5256],"tags":[3397,5257],"class_list":["post-9670","post","type-post","status-publish","format-standard","hentry","category-silvar-e-seu-regional","tag-selo-bemol","tag-silvar-e-seu-regional"],"_links":{"self":[{"href":"https:\/\/www.toque-musicall.com\/index.php?rest_route=\/wp\/v2\/posts\/9670","targetHints":{"allow":["GET"]}}],"collection":[{"href":"https:\/\/www.toque-musicall.com\/index.php?rest_route=\/wp\/v2\/posts"}],"about":[{"href":"https:\/\/www.toque-musicall.com\/index.php?rest_route=\/wp\/v2\/types\/post"}],"author":[{"embeddable":true,"href":"https:\/\/www.toque-musicall.com\/index.php?rest_route=\/wp\/v2\/users\/1"}],"replies":[{"embeddable":true,"href":"https:\/\/www.toque-musicall.com\/index.php?rest_route=%2Fwp%2Fv2%2Fcomments&post=9670"}],"version-history":[{"count":2,"href":"https:\/\/www.toque-musicall.com\/index.php?rest_route=\/wp\/v2\/posts\/9670\/revisions"}],"predecessor-version":[{"id":9679,"href":"https:\/\/www.toque-musicall.com\/index.php?rest_route=\/wp\/v2\/posts\/9670\/revisions\/9679"}],"wp:attachment":[{"href":"https:\/\/www.toque-musicall.com\/index.php?rest_route=%2Fwp%2Fv2%2Fmedia&parent=9670"}],"wp:term":[{"taxonomy":"category","embeddable":true,"href":"https:\/\/www.toque-musicall.com\/index.php?rest_route=%2Fwp%2Fv2%2Fcategories&post=9670"},{"taxonomy":"post_tag","embeddable":true,"href":"https:\/\/www.toque-musicall.com\/index.php?rest_route=%2Fwp%2Fv2%2Ftags&post=9670"}],"curies":[{"name":"wp","href":"https:\/\/api.w.org\/{rel}","templated":true}]}}