{"id":9672,"date":"2023-01-02T09:02:00","date_gmt":"2023-01-02T11:02:00","guid":{"rendered":"https:\/\/www.toque-musicall.com\/?p=9672"},"modified":"2023-01-22T11:41:19","modified_gmt":"2023-01-22T13:41:19","slug":"trio-tambataja-assim-e-o-trio-tambataja-1962","status":"publish","type":"post","link":"https:\/\/www.toque-musicall.com\/?p=9672","title":{"rendered":"Trio Tambataj\u00e1 &#8211; Assim \u00c9 O Trio Tambataja (1962)"},"content":{"rendered":"\n<figure class=\"wp-block-image size-large\"><img decoding=\"async\" src=\"https:\/\/blogger.googleusercontent.com\/img\/b\/R29vZ2xl\/AVvXsEgPEQfrq5-k91bC2rbnAHpKy7l9OqpkUlBMtHn0CLcdoHcds6oGImqDcW_XIlhXEwR_CzXLxaf-tpdOvprR0838Boozox4n2zu8Df69CYZPtopeRvxe5PCJekFXA3vLk625wr3qvQyVQ0731w8aJ5MEpXTvM7E1rKqkMTSrIWw_-DTCGd4VuKii_Jekvw\/w630-h640\/Capturar%20f.JPG\" alt=\"\"\/><\/figure>\n\n\n\n<figure class=\"wp-block-image size-large\"><img decoding=\"async\" src=\"https:\/\/blogger.googleusercontent.com\/img\/b\/R29vZ2xl\/AVvXsEj6p_tgvpJEbpsPvaJgI_zl87cH_qjCCDm0vqLNCS8c2IwoYOyoO84a3nEkdIAqm1VhS-ofzZbGjY6rZlaff_oVUBiNbRqfwAcnJQMrliFHAlCIGZtlAWnUZJRIXbrbYfY_VJ3HJMHoji3DX_YEaiKkfddn2d029UVUqY8IBi7dHKCnJzf5pExASPRm2g\/w632-h640\/Capturar%20b.JPG\" alt=\"\"\/><\/figure>\n\n\n<div class=\"separator\">Ol\u00e1, meus caros amigos cultos e ocultos! Aqui vamos n\u00f3s para mais um ano de Toque Musical. E para os que nos acompanham, j\u00e1 sabem, a regularidade por aqui j\u00e1 n\u00e3o existe. N\u00e3o temos mais postagens di\u00e1rias e seguimos dentro do que me for poss\u00edvel, ou seja, as postagens agora acontecem conforme a minha disponibilidade. Tempo \u00e9 dinheiro e aqui, sinceramente, tenho perdido os dois. Mas ainda me sobra o encanto. Ainda me encanto com os discos, com os artistas e suas m\u00fasicas e acho que \u00e9 por isso que ainda seguimos nessa miss\u00e3o. Al\u00e9m do mais, vejo surgir no horizonte a esperan\u00e7a de dias melhores. A cultura, as artes e a educa\u00e7\u00e3o voltam a ser valorizadas neste Brasil. Gra\u00e7as a Deus, nos livramos do c\u00e2ncer, que \u00e9 esse cr\u00e1pula chamado Bolsonaro. Ainda vamos viver por um bom tempo com essa marola fascista, mas isso logo acaba, porque como j\u00e1 vimos, a insensatez e a loucura n\u00e3o duram para sempre, uma hora a ficha cai. Precisamos varrer logo esses ratos, devolv\u00ea-los ao esgoto de onde nunca deveriam ter sa\u00eddo. O momento agora \u00e9 outro, de esperan\u00e7a, n\u00e3o s\u00f3 para uma metade, mas para todos. N\u00e3o estou aqui defendendo Lula, mas estou certo que este \u00e9 sem d\u00favida o melhor caminho, a melhor sa\u00edda desse inferno que foram os \u00faltimos quatro anos. Tenho muita f\u00e9 nessa reconstru\u00e7\u00e3o do Brasil. E isso anima&#8230;<\/div>\n<div class=\"separator\">Por hora, vamos fazer assim, postagens sem dias certos, sem compromisso. Afinal, essa coisa de compromisso s\u00f3 de um lado n\u00e3o \u00e9 muito justo, n\u00e3o \u00e9 mesmo?<\/div>\n<div class=\"separator\">Come\u00e7ando o ano novo, tenho para abrir, este raro e muito interessante lp do Trio Tambataj\u00e1, seu primeiro lp, lan\u00e7ado em 1962, pelo selo Copacabana. Este lp tem uma curiosidade, foi talvez um dos discos mais procurados (e levados) por colecionadores japoneses, desde os anos 60. Segundo um amigo japon\u00eas, amante da m\u00fasica brasileira, \u00e9 mais f\u00e1cil encontrar este lp no Jap\u00e3o do que aqui no Brasil. E n\u00e3o \u00e9 que ele tenha sido reeditado por l\u00e1, s\u00e3o mesmo os originais, lan\u00e7ados naquela \u00e9poca. Acredito que a raz\u00e3o do &#8216;sucesso&#8217; do \u00e1lbum est\u00e1 no fato do Trio Tambataj\u00e1 ter sido um dos primeiros grupos musicais brasileiros a tocar no Jap\u00e3o. Segundo as informa\u00e7\u00f5es, o Trio Tambataj\u00e1 fez sucesso na &#8216;terra do sol nascente&#8217; antes mesmo de S\u00e9rgio Mendes aparecer por l\u00e1 levando a Bossa Nova. No final dos anos 50, o imigrante japon\u00eas Toshiro Ono, pai da cantora Lisa Ono, chegou ao Brasil e teve a ideia de criar uma boate, uma esp\u00e9cie de clube noturno no qual se apresentavam tamb\u00e9m m\u00fasicos brasileiros, entre esses o Trio Tambataj\u00e1 que acabou sendo levado tamb\u00e9m ao Jap\u00e3o por Ono. O trio se apresentou em v\u00e1rias cidades japonesas fazendo muito sucesso, oque por certo corroborou para que seus discos fossem tamb\u00e9m por l\u00e1 vendidos. E realmente, por aqui \u00e9 dif\u00edcil ver este lp, cujo os poucos exemplares existentes est\u00e3o nas m\u00e3os de colecionadores, ou esquecidos em sebos e lojas de discos esperando um mais &#8216;antenado&#8217; ir busc\u00e1-los. Na falta do f\u00edsico e mais importando o conte\u00fado, aqui temos ele para voc\u00eas ouvirem, completo como manda o nosso figurino.&nbsp;<\/div>\n<div class=\"separator\">&nbsp;<\/div>\n<div class=\"separator\">tamba-taj\u00e1<\/div>\n<div class=\"separator\">quero beijar-te as m\u00e3os<\/div>\n<div class=\"separator\">ave maria no morro<\/div>\n<div class=\"separator\">prenda minha<\/div>\n<div class=\"separator\">per omnia saecula seaculorum, amen<\/div>\n<div class=\"separator\">o beijo (el beso)<\/div>\n<div class=\"separator\">apartamento de malucos<\/div>\n<div class=\"separator\">rio<\/div>\n<div class=\"separator\">eu e o rio<\/div>\n<div class=\"separator\">baila baila<\/div>\n<div class=\"separator\">o poema da vida<\/div>\n<div class=\"separator\">&nbsp;<\/div>\n<div class=\"separator\">&nbsp;<\/div>\n<div class=\"separator\">.<\/div>","protected":false},"excerpt":{"rendered":"<p>Ol\u00e1, meus caros amigos cultos e ocultos! Aqui vamos n\u00f3s para mais um ano de Toque Musical. E para os que nos acompanham, j\u00e1 sabem, a regularidade por aqui j\u00e1 n\u00e3o existe. N\u00e3o temos mais postagens di\u00e1rias e seguimos dentro &hellip; <a href=\"https:\/\/www.toque-musicall.com\/?p=9672\">Continue lendo <span class=\"meta-nav\">&rarr;<\/span><\/a><\/p>\n","protected":false},"author":1,"featured_media":0,"comment_status":"closed","ping_status":"closed","sticky":false,"template":"","format":"standard","meta":{"footnotes":""},"categories":[1],"tags":[],"class_list":["post-9672","post","type-post","status-publish","format-standard","hentry","category-sem-categoria"],"_links":{"self":[{"href":"https:\/\/www.toque-musicall.com\/index.php?rest_route=\/wp\/v2\/posts\/9672","targetHints":{"allow":["GET"]}}],"collection":[{"href":"https:\/\/www.toque-musicall.com\/index.php?rest_route=\/wp\/v2\/posts"}],"about":[{"href":"https:\/\/www.toque-musicall.com\/index.php?rest_route=\/wp\/v2\/types\/post"}],"author":[{"embeddable":true,"href":"https:\/\/www.toque-musicall.com\/index.php?rest_route=\/wp\/v2\/users\/1"}],"replies":[{"embeddable":true,"href":"https:\/\/www.toque-musicall.com\/index.php?rest_route=%2Fwp%2Fv2%2Fcomments&post=9672"}],"version-history":[{"count":3,"href":"https:\/\/www.toque-musicall.com\/index.php?rest_route=\/wp\/v2\/posts\/9672\/revisions"}],"predecessor-version":[{"id":9677,"href":"https:\/\/www.toque-musicall.com\/index.php?rest_route=\/wp\/v2\/posts\/9672\/revisions\/9677"}],"wp:attachment":[{"href":"https:\/\/www.toque-musicall.com\/index.php?rest_route=%2Fwp%2Fv2%2Fmedia&parent=9672"}],"wp:term":[{"taxonomy":"category","embeddable":true,"href":"https:\/\/www.toque-musicall.com\/index.php?rest_route=%2Fwp%2Fv2%2Fcategories&post=9672"},{"taxonomy":"post_tag","embeddable":true,"href":"https:\/\/www.toque-musicall.com\/index.php?rest_route=%2Fwp%2Fv2%2Ftags&post=9672"}],"curies":[{"name":"wp","href":"https:\/\/api.w.org\/{rel}","templated":true}]}}