{"id":968,"date":"2010-01-09T12:17:00","date_gmt":"2010-01-09T12:17:00","guid":{"rendered":"http:\/\/www.toque-musicall.com\/?p=968"},"modified":"2014-03-23T20:10:01","modified_gmt":"2014-03-23T23:10:01","slug":"orquestra-serenata-tropical-o-novo-som-da-orquestra-serenata-tropical-1976","status":"publish","type":"post","link":"https:\/\/www.toque-musicall.com\/?p=968","title":{"rendered":"Orquestra Serenata Tropical &#8211; O Novo Som Da Orquestra Serenata Tropical (1976)"},"content":{"rendered":"<p><a href=\"http:\/\/3.bp.blogspot.com\/_DSKVEvHtskc\/S0h0ETtn_GI\/AAAAAAAAGBk\/RmGyQV5Z6Io\/s1600-h\/OST+P.JPG\"><img decoding=\"async\" id=\"BLOGGER_PHOTO_ID_5424713368527699042\" style=\"display: block; margin: 0px auto 10px; text-align: center; cursor: hand; width: 400px; height: 396px;\" alt=\"\" src=\"http:\/\/3.bp.blogspot.com\/_DSKVEvHtskc\/S0h0ETtn_GI\/AAAAAAAAGBk\/RmGyQV5Z6Io\/s400\/OST+P.JPG\" border=\"0\" \/><\/a>Depois de uma sexta-feira independente, nada como os embalos de s\u00e1bado a noite. John Travolta, discoteca, purpurina, Fren\u00e9ticas, &#8216;Dancin&#8217; Days&#8217;&#8230; Foi pensando assim que eu resolvi postar este disco da intitulada Orquestra Serenata Tropical. Conhecem? Por certo, alguns de voc\u00eas j\u00e1 devem ter ouvido outros discos com esta orquestra. E pelo que eu pude verificar, superficialmente, ela est\u00e1 em atividade desde os anos 60, talvez at\u00e9 mais. Mas afinal, quem s\u00e3o os m\u00fasicos dessa orquestra? Pelo que eu pude entender, a Orquestra Serenata Tropical \u00e9 apenas um nome que veio servindo a ind\u00fastria fonogr\u00e1fica durante algumas d\u00e9cadas. Me corrijam se eu estiver errado, mas esta \u00e9 mais um produ\u00e7\u00e3o de oportunidade, que procura se encaixar no que acontece em um determinado momento. E o momento aqui \u00e9 a onda discoteca, 1976. Mas o que tem a ver a OST, com seu repert\u00f3rio essencialmente de mpb? A ver pode at\u00e9 n\u00e3o ter nada, tem mesmo \u00e9 que ouvir. Juntemos Ary Barroso, Dorival Caymmi, Luiz Gonzaga, Vin\u00edcius, Tom Jobim, Braguinha, entre outros&#8230; ah, tem tamb\u00e9m os vivos, as duplas Jo\u00e3o Bosco e Aldir Blanc, Roberto e Erasmo Carlos. Imaginem essa turma no embalo dos anos 70. Novamente&#8230; &#8216;discotheque&#8217;, lan\u00e7a perfume, As Panteras&#8230; e vamos n\u00f3s para a discoteca. Acredito que a turma da velha guarda, principalmente o Sr. Ary Barroso, se tivesse ouvido a vers\u00e3o deste disco, teria se remexido todo dentro da sepultura. S\u00f3 n\u00e3o saberia dizer se de \u00f3dio, execrando &#8216;a modernidade&#8217; ou de alegria, se deixando levar no embalo do &#8216;dancin&#8217; days&#8217;. Bem, falando assim voc\u00eas logo v\u00e3o achar que o \u00e1lbum n\u00e3o est\u00e1 com essa bola toda. Os puristas certamente n\u00e3o ir\u00e3o gostar. O que temos aqui \u00e9 um trabalho, cuja a emin\u00eancia (semi) oculta \u00e9 do vers\u00e1til e internacional Waltel Branco. Este \u00e9 mais um dos muitos discos onde ele atuou por tr\u00e1s das cortinas, ou na cozinha, no caso aqui como arrajador (e possivelmente tamb\u00e9m como instrumentista). Waltel foi um m\u00fasico prolixo, dos mais importantes tanto dentro do Brasil como fora. N\u00e3o vou render aqui a hist\u00f3ria que vai ficar para uma pr\u00f3xima oportunidade, num de seus discos solo. Voltemos ao &#8216;novo som&#8217; da Orquestra Serenata Tropical, mpb com gostinho de discoteca, mas se observamos a m\u00fasica com outros olhos, veremos (e ouviremos) bem mais que uma simples trilha para &#8216;os travoltas&#8217; se requebrarem. S\u00f3 mesmo o Waltel Branco para subverter com classe o imaculado. No fundo, um bom disco, podem conferir&#8230; \ud83d\ude09<\/p>\n<div><\/div>\n<div style=\"text-align: center;\">al\u00e9m do horizonte<\/div>\n<div style=\"text-align: center;\">na baixa do sapateiro<\/div>\n<div style=\"text-align: center;\">n\u00e3o tenho l\u00e1grimas<\/div>\n<div style=\"text-align: center;\">garota de ipanema<\/div>\n<div style=\"text-align: center;\">onde o c\u00e9u azul \u00e9 mais azul<\/div>\n<div style=\"text-align: center;\">a felicidade<\/div>\n<div style=\"text-align: center;\">mam\u00e3e eu quero<\/div>\n<div style=\"text-align: center;\">aquarela do brasil<\/div>\n<div style=\"text-align: center;\">o que \u00e9 que a baiana tem?<\/div>\n<div style=\"text-align: center;\">dois pr\u00e1 l\u00e1, dois pr\u00e1 c\u00e1<\/div>\n<div style=\"text-align: center;\">asa branca<\/div>\n<div style=\"text-align: center;\">primavera<\/div>\n","protected":false},"excerpt":{"rendered":"<p>Depois de uma sexta-feira independente, nada como os embalos de s\u00e1bado a noite. John Travolta, discoteca, purpurina, Fren\u00e9ticas, &#8216;Dancin&#8217; Days&#8217;&#8230; Foi pensando assim que eu resolvi postar este disco da intitulada Orquestra Serenata Tropical. Conhecem? Por certo, alguns de voc\u00eas &hellip; <a href=\"https:\/\/www.toque-musicall.com\/?p=968\">Continue lendo <span class=\"meta-nav\">&rarr;<\/span><\/a><\/p>\n","protected":false},"author":1,"featured_media":0,"comment_status":"open","ping_status":"closed","sticky":false,"template":"","format":"standard","meta":{"footnotes":""},"categories":[1278,2356],"tags":[],"class_list":["post-968","post","type-post","status-publish","format-standard","hentry","category-orquestra-serenata-tropical","category-waltel-branco"],"_links":{"self":[{"href":"https:\/\/www.toque-musicall.com\/index.php?rest_route=\/wp\/v2\/posts\/968","targetHints":{"allow":["GET"]}}],"collection":[{"href":"https:\/\/www.toque-musicall.com\/index.php?rest_route=\/wp\/v2\/posts"}],"about":[{"href":"https:\/\/www.toque-musicall.com\/index.php?rest_route=\/wp\/v2\/types\/post"}],"author":[{"embeddable":true,"href":"https:\/\/www.toque-musicall.com\/index.php?rest_route=\/wp\/v2\/users\/1"}],"replies":[{"embeddable":true,"href":"https:\/\/www.toque-musicall.com\/index.php?rest_route=%2Fwp%2Fv2%2Fcomments&post=968"}],"version-history":[{"count":1,"href":"https:\/\/www.toque-musicall.com\/index.php?rest_route=\/wp\/v2\/posts\/968\/revisions"}],"predecessor-version":[{"id":4063,"href":"https:\/\/www.toque-musicall.com\/index.php?rest_route=\/wp\/v2\/posts\/968\/revisions\/4063"}],"wp:attachment":[{"href":"https:\/\/www.toque-musicall.com\/index.php?rest_route=%2Fwp%2Fv2%2Fmedia&parent=968"}],"wp:term":[{"taxonomy":"category","embeddable":true,"href":"https:\/\/www.toque-musicall.com\/index.php?rest_route=%2Fwp%2Fv2%2Fcategories&post=968"},{"taxonomy":"post_tag","embeddable":true,"href":"https:\/\/www.toque-musicall.com\/index.php?rest_route=%2Fwp%2Fv2%2Ftags&post=968"}],"curies":[{"name":"wp","href":"https:\/\/api.w.org\/{rel}","templated":true}]}}