{"id":9684,"date":"2022-11-25T12:25:38","date_gmt":"2022-11-25T15:25:38","guid":{"rendered":"https:\/\/www.toque-musicall.com\/?p=9684"},"modified":"2023-04-09T12:19:46","modified_gmt":"2023-04-09T15:19:46","slug":"edil-pachedo-pedras-afiadas-1977","status":"publish","type":"post","link":"https:\/\/www.toque-musicall.com\/?p=9684","title":{"rendered":"Edil Pachedo &#8211; Pedras Afiadas (1977)"},"content":{"rendered":"\n<p><\/p>\n\n\n\n<figure class=\"wp-block-image size-large\"><img decoding=\"async\" src=\"https:\/\/blogger.googleusercontent.com\/img\/b\/R29vZ2xl\/AVvXsEjMBhpnRqxu5_w4Yns03bq6MSE4Sh0tsoQ2_qYGsKvLQVbnTvqZt0aKjfDzhCj25bQMiMC7r5rsi2unIknNfRs3f8NuwO2OjwEdObdCeIb2p8vXV5b3_31QvVieqJHpfYnN7-Hl7MI2q3VKvzbDR28op8MZ67_O2sfUJI4qQejPkMz9fKyBouMh4WIoWg\/w638-h640\/Capturar.JPG\" alt=\"\"\/><\/figure>\n\n\n\n<figure class=\"wp-block-image size-large\"><img decoding=\"async\" src=\"https:\/\/blogger.googleusercontent.com\/img\/b\/R29vZ2xl\/AVvXsEjumx0r2YPySVdJxsCN9G4ZoRNIarsheNZhho2FlC2_dVkaq2MrGESfoFjF8I1aGiSwE_FVjGldm16SL-Z9fH2VSVJ6EilcCW4Bc1FjYgbnVbtjjAM7q_8aX_zTSeY5t_QpNwnwuDUgWCS-wmVNi59WZsu-Hrq5t8DXLSd3MsVLMD9Q9oZ1PU-raa5PxQ\/w624-h640\/Capturarb.JPG\" alt=\"\"\/><\/figure>\n\n\n<div class=\"separator\">Bom dia, amigos cultos e ocultos! Segue aqui hoje este lp que tem sido muito badalado ultimamente no mundo dos colecionadores e especuladores de vinil.\u00a0 Por certo, \u00e9 um daqueles discos que ainda n\u00e3o haviam figurando em blogs, como o nosso Toque Musical e tamb\u00e9m por ser relativamente raro, at\u00e9 ent\u00e3o. Temos aqui o primeiro lp do cantor, compositor e instrumentista baiano Edimilson de Jesus Pacheco, mais conhecido como Edil Pacheco. Um excelente disco de samba lan\u00e7ado em 1977 pelo selo Polydor. Vale a pena dar uma conferida&#8230;<\/div>\n<div class=\"separator\">\u00a0<\/div>\n<div class=\"separator\">mais um dia<\/div>\n<div class=\"separator\">abra a gaiola<\/div>\n<div class=\"separator\">me achei de novo<\/div>\n<div class=\"separator\">pedras afiadas<\/div>\n<div class=\"separator\">cora\u00e7\u00e3o vadio<\/div>\n<div class=\"separator\">lua menina &#8211; siri\u00ea<\/div>\n<div class=\"separator\">ouro em p\u00f3<\/div>\n<div class=\"separator\">h\u00e1 muito tempo<\/div>\n<div class=\"separator\">nau dos aflitos<\/div>\n<div class=\"separator\">de passo em passo<\/div>\n<div class=\"separator\">tributo a batatinha<\/div>\n<div class=\"separator\">pranto natural<\/div>\n<div class=\"separator\">al\u00f4 madrugada &#8211; tristeza<\/div>\n<div class=\"separator\">\u00a0<\/div>\n<div class=\"separator\">.<\/div>\n<div class=\"separator\">\u00a0<\/div>","protected":false},"excerpt":{"rendered":"<p>Bom dia, amigos cultos e ocultos! Segue aqui hoje este lp que tem sido muito badalado ultimamente no mundo dos colecionadores e especuladores de vinil.\u00a0 Por certo, \u00e9 um daqueles discos que ainda n\u00e3o haviam figurando em blogs, como o &hellip; <a href=\"https:\/\/www.toque-musicall.com\/?p=9684\">Continue lendo <span class=\"meta-nav\">&rarr;<\/span><\/a><\/p>\n","protected":false},"author":1,"featured_media":0,"comment_status":"closed","ping_status":"closed","sticky":false,"template":"","format":"standard","meta":{"footnotes":""},"categories":[1],"tags":[5264,3057],"class_list":["post-9684","post","type-post","status-publish","format-standard","hentry","category-sem-categoria","tag-edil-pacheco","tag-selo-polydor"],"_links":{"self":[{"href":"https:\/\/www.toque-musicall.com\/index.php?rest_route=\/wp\/v2\/posts\/9684","targetHints":{"allow":["GET"]}}],"collection":[{"href":"https:\/\/www.toque-musicall.com\/index.php?rest_route=\/wp\/v2\/posts"}],"about":[{"href":"https:\/\/www.toque-musicall.com\/index.php?rest_route=\/wp\/v2\/types\/post"}],"author":[{"embeddable":true,"href":"https:\/\/www.toque-musicall.com\/index.php?rest_route=\/wp\/v2\/users\/1"}],"replies":[{"embeddable":true,"href":"https:\/\/www.toque-musicall.com\/index.php?rest_route=%2Fwp%2Fv2%2Fcomments&post=9684"}],"version-history":[{"count":2,"href":"https:\/\/www.toque-musicall.com\/index.php?rest_route=\/wp\/v2\/posts\/9684\/revisions"}],"predecessor-version":[{"id":9743,"href":"https:\/\/www.toque-musicall.com\/index.php?rest_route=\/wp\/v2\/posts\/9684\/revisions\/9743"}],"wp:attachment":[{"href":"https:\/\/www.toque-musicall.com\/index.php?rest_route=%2Fwp%2Fv2%2Fmedia&parent=9684"}],"wp:term":[{"taxonomy":"category","embeddable":true,"href":"https:\/\/www.toque-musicall.com\/index.php?rest_route=%2Fwp%2Fv2%2Fcategories&post=9684"},{"taxonomy":"post_tag","embeddable":true,"href":"https:\/\/www.toque-musicall.com\/index.php?rest_route=%2Fwp%2Fv2%2Ftags&post=9684"}],"curies":[{"name":"wp","href":"https:\/\/api.w.org\/{rel}","templated":true}]}}