{"id":9688,"date":"2023-01-15T14:13:19","date_gmt":"2023-01-15T17:13:19","guid":{"rendered":"https:\/\/www.toque-musicall.com\/?p=9688"},"modified":"2023-04-09T12:30:51","modified_gmt":"2023-04-09T15:30:51","slug":"cynthia-priolli-camargo-guarnieri-1990","status":"publish","type":"post","link":"https:\/\/www.toque-musicall.com\/?p=9688","title":{"rendered":"Cynthia Priolli &#8211; Camargo Guarnieri (1990)"},"content":{"rendered":"\n<p><\/p>\n\n\n\n<figure class=\"wp-block-image size-large\"><img decoding=\"async\" src=\"https:\/\/blogger.googleusercontent.com\/img\/b\/R29vZ2xl\/AVvXsEh9By5bmPtDVx6fVqfI2Ry1MftL4DJZgQcHIn9tr-RSLS-Q1NuN-tUz7IvlPtwqXM6ZzzutC8M4WfiPJAKDqLGgzLSCTUIhAMUULXyfLdH05t5KlvKSJlpe1RBD04B5FJKQ3dlZKRRgcVks90pTC9IEp8y2OsiqWfCob0Qbxp8dsT_z4y7xK3pS-eh9SQ\/w640-h632\/frente.JPG\" alt=\"\"\/><\/figure>\n\n\n\n<figure class=\"wp-block-image size-large\"><img decoding=\"async\" src=\"https:\/\/blogger.googleusercontent.com\/img\/b\/R29vZ2xl\/AVvXsEh6VXjKlXP6T55lEahKtjlDI-Ye-_kgG07frUvAIxRpvDrSbPWI9Wn0kx3OHxQC0eorUmnc5SPvn-yfa2D8MD3cSx7j0fNitAxY-f0_JITOV10ULlXsdtcW_dQ6AaZvc6LMgmLWWRRAbKRrd-5J8gD__JhvN-xVi6ZirjsWFlhdfgBf68GV0xDv4dczhA\/w640-h636\/contracapa.JPG\" alt=\"\"\/><\/figure>\n\n\n<div class=\"separator\">Bom dia, amigos cultos e ocultos! Neste ano de renova\u00e7\u00e3o e reconstru\u00e7\u00e3o do Brasil (em todos os sentidos) o Toque Musical ir\u00e1 retomar suas postagens dando \u00eanfase a m\u00fasica erudita brasileira. Por certo, aqui nunca faltou espa\u00e7o para ela. O TM \u00e9 um espa\u00e7o multifacetado, onde j\u00e1 postamos at\u00e9 as banalidades, seja por curiosidade ou pura divers\u00e3o. Mas, agora, vamos nos dedicar ao erudito. Existe sim uma grande produ\u00e7\u00e3o fonogr\u00e1fica para esse g\u00eanero e que infelizmente sempre viveu meio as sobras e nos dias atuais, podemos dizer que foram mesmo esquecidas. M\u00fasica cl\u00e1ssica, erudita&#8230; n\u00e3o \u00e9 para qualquer um, s\u00f3 mesmo para iniciados. Os discos que apresentamos aqui \u00e9 uma oportunidade boa para se conhecer um pouco da m\u00fasica brasileira de cunho erudito, seus int\u00e9rpretes e compositores.<\/div>\n<div class=\"separator\">\u00a0<\/div>\n<div class=\"separator\">Sonatinhas n\u00ba1<\/div>\n<div class=\"separator\">molengamente<\/div>\n<div class=\"separator\">ponteado e bem gostoso<\/div>\n<div class=\"separator\">bem depressa<\/div>\n<div class=\"separator\">Valsa n\u00ba 10<\/div>\n<div class=\"separator\">choroso<\/div>\n<div class=\"separator\">6 Ponteios<\/div>\n<div class=\"separator\">n\u00ba 13 saudoso<\/div>\n<div class=\"separator\">n\u00ba 35 dengoso<\/div>\n<div class=\"separator\">n\u00ba 45 com alegria<\/div>\n<div class=\"separator\">n\u00ba 12 decidido<\/div>\n<div class=\"separator\">n\u00ba 22 triste<\/div>\n<div class=\"separator\">n\u00ba43 grandioso<\/div>\n<div class=\"separator\">Estudo n\u00ba 16<\/div>\n<div class=\"separator\">caprichoso<\/div>\n<div class=\"separator\">4 Momentos<\/div>\n<div class=\"separator\">n\u00ba 7 calmo e tristonho (homenagem a Henrique Oswald)<\/div>\n<div class=\"separator\">n\u00ba 8 gracioso<\/div>\n<div class=\"separator\">n\u00ba 9 sofrido<\/div>\n<div class=\"separator\">n\u00ba 10 \u00edntimo<\/div>\n<div class=\"separator\">Sonatina n\u00ba 4<\/div>\n<div class=\"separator\">com alegria<\/div>\n<div class=\"separator\">melanc\u00f3lico<\/div>\n<div class=\"separator\">grandioso<\/div>\n<div class=\"separator\">\u00a0<\/div>\n<div class=\"separator\">\u00a0<\/div>\n<div class=\"separator\">.<\/div>","protected":false},"excerpt":{"rendered":"<p>Bom dia, amigos cultos e ocultos! Neste ano de renova\u00e7\u00e3o e reconstru\u00e7\u00e3o do Brasil (em todos os sentidos) o Toque Musical ir\u00e1 retomar suas postagens dando \u00eanfase a m\u00fasica erudita brasileira. Por certo, aqui nunca faltou espa\u00e7o para ela. O &hellip; <a href=\"https:\/\/www.toque-musicall.com\/?p=9688\">Continue lendo <span class=\"meta-nav\">&rarr;<\/span><\/a><\/p>\n","protected":false},"author":1,"featured_media":0,"comment_status":"closed","ping_status":"closed","sticky":false,"template":"","format":"standard","meta":{"footnotes":""},"categories":[5268,5267],"tags":[5266,5265,5291,3017],"class_list":["post-9688","post","type-post","status-publish","format-standard","hentry","category-camargo-guarnieri","category-cynthia-priolli","tag-camargo-guarnieri","tag-cynthia-priolli","tag-eruditos","tag-selo-independente"],"_links":{"self":[{"href":"https:\/\/www.toque-musicall.com\/index.php?rest_route=\/wp\/v2\/posts\/9688","targetHints":{"allow":["GET"]}}],"collection":[{"href":"https:\/\/www.toque-musicall.com\/index.php?rest_route=\/wp\/v2\/posts"}],"about":[{"href":"https:\/\/www.toque-musicall.com\/index.php?rest_route=\/wp\/v2\/types\/post"}],"author":[{"embeddable":true,"href":"https:\/\/www.toque-musicall.com\/index.php?rest_route=\/wp\/v2\/users\/1"}],"replies":[{"embeddable":true,"href":"https:\/\/www.toque-musicall.com\/index.php?rest_route=%2Fwp%2Fv2%2Fcomments&post=9688"}],"version-history":[{"count":2,"href":"https:\/\/www.toque-musicall.com\/index.php?rest_route=\/wp\/v2\/posts\/9688\/revisions"}],"predecessor-version":[{"id":9759,"href":"https:\/\/www.toque-musicall.com\/index.php?rest_route=\/wp\/v2\/posts\/9688\/revisions\/9759"}],"wp:attachment":[{"href":"https:\/\/www.toque-musicall.com\/index.php?rest_route=%2Fwp%2Fv2%2Fmedia&parent=9688"}],"wp:term":[{"taxonomy":"category","embeddable":true,"href":"https:\/\/www.toque-musicall.com\/index.php?rest_route=%2Fwp%2Fv2%2Fcategories&post=9688"},{"taxonomy":"post_tag","embeddable":true,"href":"https:\/\/www.toque-musicall.com\/index.php?rest_route=%2Fwp%2Fv2%2Ftags&post=9688"}],"curies":[{"name":"wp","href":"https:\/\/api.w.org\/{rel}","templated":true}]}}