{"id":969,"date":"2010-01-08T12:50:00","date_gmt":"2010-01-08T12:50:00","guid":{"rendered":"http:\/\/www.toque-musicall.com\/?p=969"},"modified":"2010-01-08T12:50:00","modified_gmt":"2010-01-08T12:50:00","slug":"joao-boa-morte-planeta-coracao-1991","status":"publish","type":"post","link":"https:\/\/www.toque-musicall.com\/?p=969","title":{"rendered":"Jo\u00e3o Boa Morte &#8211; Planeta Cora\u00e7\u00e3o (1991)"},"content":{"rendered":"<p><a href=\"http:\/\/1.bp.blogspot.com\/_DSKVEvHtskc\/S0dCV6WElbI\/AAAAAAAAGBU\/CGZ29wpvwyo\/s1600-h\/Jo%C3%A3o+boamorte+P.JPG\"><img decoding=\"async\" style=\"display:block; margin:0px auto 10px; text-align:center;cursor:pointer; cursor:hand;width: 396px; height: 400px;\" src=\"http:\/\/1.bp.blogspot.com\/_DSKVEvHtskc\/S0dCV6WElbI\/AAAAAAAAGBU\/CGZ29wpvwyo\/s400\/Jo%C3%A3o+boamorte+P.JPG\" border=\"0\" alt=\"\" id=\"BLOGGER_PHOTO_ID_5424377220397569458\" \/><\/a>Aqui vamos com o primeiro disco independente do ano. Sexta-feira \u00e9 um dia bom para isso, embora eu n\u00e3o queira oficializ\u00e1-lo como tal, mesmo j\u00e1 tendo se tornado o dia mais comum para essas postagens. <\/p>\n<div>Hoje n\u00f3s iremos com o &#8220;Planeta Cora\u00e7\u00e3o&#8221;, \u00e1lbum do saudoso compositor mineiro Jo\u00e3o Boamorte, lan\u00e7ado em 1991 pelo selo independente Letra &#038; M\u00fasica. Jo\u00e3o faleceu prematuramente em 1993. Ele iniciou a carreira nos anos 70. Sua trajet\u00f3ria art\u00edstica inclui diversas premia\u00e7\u00f5es em festivais de m\u00fasica, em Minas e tamb\u00e9m em outros Estados. Tocou e cantou ao lado de grandes nomes como Luiz Melodia, Tim Maia, Zez\u00e9 Motta e muitos outros. Isso sem falar nos m\u00fasicos mineiros com os quais tamb\u00e9m sempre comp\u00f4s e gravou. <\/div>\n<div>No \u00e1lbum temos como destaque as m\u00fasicas &#8220;Pedra de atiradeira&#8221;, classificada no Festival da Globo de 1981, &#8220;Astral de colibri&#8221; e &#8220;Bota lenha&#8221;, que foram sucesso, sendo esta \u00faltima uma das mais tocadas at\u00e9 hoje na B\u00e9lgica, em r\u00e1dios especializadas em m\u00fasica brasileira. Em 2006 uma nova vers\u00e3o de &#8220;Planeta Cora\u00e7\u00e3o&#8221; foi lan\u00e7ada em cd, com um novo encarte produzido pelos pr\u00f3prios filhos do artista e incluindo mais duas m\u00fasicas in\u00e9ditas. A vers\u00e3o cd \u00e9 distribu\u00edda pela editora\/selo Sonhos &#038; Sons, de Marcus Vianna, e pode ser adquirido em seu <a href=\"http:\/\/www.sonhosesons.com.br\/catalogo\/ind_brasileira.htm\">site<\/a>. <\/div>\n<div><\/div>\n<div style=\"text-align: center;\">centelha de ilus\u00e3o<\/div>\n<div style=\"text-align: center;\">astral de colibri<\/div>\n<div style=\"text-align: center;\">grama vadia<\/div>\n<div style=\"text-align: center;\">cisne negro<\/div>\n<div style=\"text-align: center;\">bota lenha<\/div>\n<div style=\"text-align: center;\">planeta cora\u00e7\u00e3o<\/div>\n<div style=\"text-align: center;\">distante<\/div>\n<div style=\"text-align: center;\">hora h<\/div>\n<div style=\"text-align: center;\">at\u00e9 sangrar os dedos<\/div>\n<div style=\"text-align: center;\">pedra de atiradeira<\/div>\n<div style=\"text-align: center;\"><\/div>\n<div style=\"text-align: center;\"><\/div>\n","protected":false},"excerpt":{"rendered":"<p>Aqui vamos com o primeiro disco independente do ano. Sexta-feira \u00e9 um dia bom para isso, embora eu n\u00e3o queira oficializ\u00e1-lo como tal, mesmo j\u00e1 tendo se tornado o dia mais comum para essas postagens. Hoje n\u00f3s iremos com o &hellip; <a href=\"https:\/\/www.toque-musicall.com\/?p=969\">Continue lendo <span class=\"meta-nav\">&rarr;<\/span><\/a><\/p>\n","protected":false},"author":1,"featured_media":0,"comment_status":"open","ping_status":"closed","sticky":false,"template":"","format":"standard","meta":{"footnotes":""},"categories":[1279],"tags":[],"class_list":["post-969","post","type-post","status-publish","format-standard","hentry","category-joao-boamorte"],"_links":{"self":[{"href":"https:\/\/www.toque-musicall.com\/index.php?rest_route=\/wp\/v2\/posts\/969","targetHints":{"allow":["GET"]}}],"collection":[{"href":"https:\/\/www.toque-musicall.com\/index.php?rest_route=\/wp\/v2\/posts"}],"about":[{"href":"https:\/\/www.toque-musicall.com\/index.php?rest_route=\/wp\/v2\/types\/post"}],"author":[{"embeddable":true,"href":"https:\/\/www.toque-musicall.com\/index.php?rest_route=\/wp\/v2\/users\/1"}],"replies":[{"embeddable":true,"href":"https:\/\/www.toque-musicall.com\/index.php?rest_route=%2Fwp%2Fv2%2Fcomments&post=969"}],"version-history":[{"count":0,"href":"https:\/\/www.toque-musicall.com\/index.php?rest_route=\/wp\/v2\/posts\/969\/revisions"}],"wp:attachment":[{"href":"https:\/\/www.toque-musicall.com\/index.php?rest_route=%2Fwp%2Fv2%2Fmedia&parent=969"}],"wp:term":[{"taxonomy":"category","embeddable":true,"href":"https:\/\/www.toque-musicall.com\/index.php?rest_route=%2Fwp%2Fv2%2Fcategories&post=969"},{"taxonomy":"post_tag","embeddable":true,"href":"https:\/\/www.toque-musicall.com\/index.php?rest_route=%2Fwp%2Fv2%2Ftags&post=969"}],"curies":[{"name":"wp","href":"https:\/\/api.w.org\/{rel}","templated":true}]}}