{"id":9693,"date":"2023-01-22T08:39:12","date_gmt":"2023-01-22T11:39:12","guid":{"rendered":"https:\/\/www.toque-musicall.com\/?p=9693"},"modified":"2023-04-09T12:27:44","modified_gmt":"2023-04-09T15:27:44","slug":"heitor-villa-lobos-serestas-1963","status":"publish","type":"post","link":"https:\/\/www.toque-musicall.com\/?p=9693","title":{"rendered":"Serestas (1963)"},"content":{"rendered":"\n<figure class=\"wp-block-image size-large\"><img decoding=\"async\" src=\"https:\/\/blogger.googleusercontent.com\/img\/b\/R29vZ2xl\/AVvXsEiuwyoWkZLw3iIYbKR1Phxts2TiTDWhl2r0YQ80rsjstaHxWFhn6uFDRcpP5M__qBbY1uvF44E2jfL1laIWfvqGOUHthkJxUTzbbdBYsvlqvOFXhU8-nk9X9hxIJA73NoCRZILx8W4bBOsLlp6AMDM6Ej4hQ93Q2ivIjK39KsLiWCgc92Qf4synyZuUWw\/w632-h640\/Capturar.JPG\" alt=\"\"\/><\/figure>\n\n\n\n<figure class=\"wp-block-image size-large\"><img decoding=\"async\" src=\"https:\/\/blogger.googleusercontent.com\/img\/b\/R29vZ2xl\/AVvXsEjd_ijHj__7YHvKoFMcbXErhbKvOT2vbKP-ih1xOj_dcsfzmh4q0eslL29GoGh5l5POxNO1LfzPeGpcClTZnsgjautpMCwSthLxugwpWZImpI8fZJ2RSW797h8140kNl19WjOG1aMUVE5wlmm5LEe2d-regfrHirDQMdf3lN-yqe-4kIbeVR9Er21w39g\/w640-h636\/Capturarb.JPG\" alt=\"\"\/><\/figure>\n\n\n<div class=\"separator\">pobre cega<\/div>\n<div class=\"separator\">anjo da guarda<\/div>\n<div class=\"separator\">can\u00e7\u00e3o da folha morta<\/div>\n<div class=\"separator\">saudades da minha vida<\/div>\n<div class=\"separator\">modinha<\/div>\n<div class=\"separator\">na paz do outono<\/div>\n<div class=\"separator\">cantiga do vi\u00favo<\/div>\n<div class=\"separator\">can\u00e7\u00e3o do carreiro<\/div>\n<div class=\"separator\">abril<\/div>\n<div class=\"separator\">desejo<\/div>\n<div class=\"separator\">redondilha<\/div>\n<div class=\"separator\">realejo<\/div>\n<div class=\"separator\">serenata<\/div>\n<div class=\"separator\">voo<\/div>\n<div class=\"separator\">\u00a0<\/div>\n<div class=\"separator\">\u00a0<\/div>\n<div class=\"separator\">.<\/div>","protected":false},"excerpt":{"rendered":"<p>pobre cega anjo da guarda can\u00e7\u00e3o da folha morta saudades da minha vida modinha na paz do outono cantiga do vi\u00favo can\u00e7\u00e3o do carreiro abril desejo redondilha realejo serenata voo \u00a0 \u00a0 .<\/p>\n","protected":false},"author":1,"featured_media":0,"comment_status":"closed","ping_status":"closed","sticky":false,"template":"","format":"standard","meta":{"footnotes":""},"categories":[1],"tags":[5291,3153,5269],"class_list":["post-9693","post","type-post","status-publish","format-standard","hentry","category-sem-categoria","tag-eruditos","tag-selo-odeon","tag-villa-lobos-3"],"_links":{"self":[{"href":"https:\/\/www.toque-musicall.com\/index.php?rest_route=\/wp\/v2\/posts\/9693","targetHints":{"allow":["GET"]}}],"collection":[{"href":"https:\/\/www.toque-musicall.com\/index.php?rest_route=\/wp\/v2\/posts"}],"about":[{"href":"https:\/\/www.toque-musicall.com\/index.php?rest_route=\/wp\/v2\/types\/post"}],"author":[{"embeddable":true,"href":"https:\/\/www.toque-musicall.com\/index.php?rest_route=\/wp\/v2\/users\/1"}],"replies":[{"embeddable":true,"href":"https:\/\/www.toque-musicall.com\/index.php?rest_route=%2Fwp%2Fv2%2Fcomments&post=9693"}],"version-history":[{"count":2,"href":"https:\/\/www.toque-musicall.com\/index.php?rest_route=\/wp\/v2\/posts\/9693\/revisions"}],"predecessor-version":[{"id":9754,"href":"https:\/\/www.toque-musicall.com\/index.php?rest_route=\/wp\/v2\/posts\/9693\/revisions\/9754"}],"wp:attachment":[{"href":"https:\/\/www.toque-musicall.com\/index.php?rest_route=%2Fwp%2Fv2%2Fmedia&parent=9693"}],"wp:term":[{"taxonomy":"category","embeddable":true,"href":"https:\/\/www.toque-musicall.com\/index.php?rest_route=%2Fwp%2Fv2%2Fcategories&post=9693"},{"taxonomy":"post_tag","embeddable":true,"href":"https:\/\/www.toque-musicall.com\/index.php?rest_route=%2Fwp%2Fv2%2Ftags&post=9693"}],"curies":[{"name":"wp","href":"https:\/\/api.w.org\/{rel}","templated":true}]}}