{"id":970,"date":"2010-01-06T10:59:00","date_gmt":"2010-01-06T10:59:00","guid":{"rendered":"http:\/\/www.toque-musicall.com\/?p=970"},"modified":"2010-01-06T10:59:00","modified_gmt":"2010-01-06T10:59:00","slug":"banda-de-pau-e-corda-nossa-danca-1981","status":"publish","type":"post","link":"https:\/\/www.toque-musicall.com\/?p=970","title":{"rendered":"Banda De Pau E Corda &#8211; Nossa Dan\u00e7a (1981)"},"content":{"rendered":"<p><a href=\"http:\/\/1.bp.blogspot.com\/_DSKVEvHtskc\/S0RwsabVajI\/AAAAAAAAGAM\/D3ZOmQQDpS0\/s1600-h\/banda+de+pau+e+corda+P.JPG\"><img decoding=\"async\" style=\"display:block; margin:0px auto 10px; text-align:center;cursor:pointer; cursor:hand;width: 400px; height: 398px;\" src=\"http:\/\/1.bp.blogspot.com\/_DSKVEvHtskc\/S0RwsabVajI\/AAAAAAAAGAM\/D3ZOmQQDpS0\/s400\/banda+de+pau+e+corda+P.JPG\" border=\"0\" alt=\"\" id=\"BLOGGER_PHOTO_ID_5423583759571446322\" \/><\/a>Ol\u00e1! Como voc\u00eas j\u00e1 devem ter percebido, eu resolvi mudar nosso provedor. Sa\u00edmos do Rapidshare, que est\u00e1 cada dia mais inacess\u00edvel e desanimador, para o Mediafire que embora seja um tanto quanto limitado e cheio de propagandas, n\u00e3o faz ningu\u00e9m passar raiva. Pelo menos, por enquanto, vamos confiar no Mediafire. O Rapidshare s\u00f3 entra para arquivos acima de 100 megas.<\/p>\n<div>Por enquanto tamb\u00e9m e nos pr\u00f3ximos dias, diante ao problema do meu HD, eu terei que recorrer aos meus velhos e bons &#8216;arquivos de gaveta&#8217;, aqueles que ficam guardados para as emerg\u00eancias. Na pr\u00f3xima semana terei a ajuda de um especialista em discos r\u00edgidos, que me garantiu fazer o poss\u00edvel para recuperar meus dados. T\u00f4 rezando para dar tudo certo, s\u00f3 n\u00e3o quero ficar pensando muito nisso sen\u00e3o eu desanimo.<\/div>\n<div>Vamos ent\u00e3o e mais uma vez com o grupo pernambucano, a Banda de Pau e Corda. Este \u00e1lbum j\u00e1 rodou muito pela &#8216;blogosfera&#8217;, depois sumiu de vez. Atendendo \u00e0 pedidos (e urgente), vamos postando ele aqui. &#8220;Nossa dan\u00e7a&#8221; foi um \u00e1lbum lan\u00e7ado em 1981, numa fase onde o grupo j\u00e1 havia passado por mudan\u00e7as na forma\u00e7\u00e3o. Nele encontramos al\u00e9m de composi\u00e7\u00f5es pr\u00f3prias, m\u00fasicas de Dominguinhos, Cl\u00e9sio, Vicente Barreto e Danilo Caymmi com Ana Terra na can\u00e7\u00e3o que d\u00e1 nome ao disco. Embora n\u00e3o sendo mais a mesma banda dos primeiros discos, n\u00e3o perderam a originalidade, se mantendo fiel ao estilo que fez desse um dos melhores grupos nordestinos. A Banda de Pau e Cordas ainda hoje continua na ativa. Quem quiser saber mais sobre eles deve visitar <a href=\"http:\/\/www.bandadepauecorda.com.br\">o site<\/a>. Me parece que atrav\u00e9s dele voc\u00eas tamb\u00e9m podem adquirir toda a discografia. Confira o toque aqui e v\u00e1 buscar o seu exemplar por l\u00e1 \ud83d\ude42<\/div>\n<div><\/div>\n<div style=\"text-align: center;\">nossa dan\u00e7a<\/div>\n<div style=\"text-align: center;\">quintal das bananeiras<\/div>\n<div style=\"text-align: center;\">morena ful\u00f4<\/div>\n<div style=\"text-align: center;\">xamego da tet\u00ea<\/div>\n<div style=\"text-align: center;\">relampejando<\/div>\n<div style=\"text-align: center;\">trens madrugueiros<\/div>\n<div style=\"text-align: center;\">m\u00e1gicos viol\u00f5es<\/div>\n<div style=\"text-align: center;\">ilus\u00e3o praieira<\/div>\n<div style=\"text-align: center;\">bem agarradinho<\/div>\n<div style=\"text-align: center;\">viva o recife<\/div>\n<div style=\"text-align: center;\"><\/div>\n<div style=\"text-align: center;\"><\/div>\n","protected":false},"excerpt":{"rendered":"<p>Ol\u00e1! Como voc\u00eas j\u00e1 devem ter percebido, eu resolvi mudar nosso provedor. Sa\u00edmos do Rapidshare, que est\u00e1 cada dia mais inacess\u00edvel e desanimador, para o Mediafire que embora seja um tanto quanto limitado e cheio de propagandas, n\u00e3o faz ningu\u00e9m &hellip; <a href=\"https:\/\/www.toque-musicall.com\/?p=970\">Continue lendo <span class=\"meta-nav\">&rarr;<\/span><\/a><\/p>\n","protected":false},"author":1,"featured_media":0,"comment_status":"open","ping_status":"closed","sticky":false,"template":"","format":"standard","meta":{"footnotes":""},"categories":[1280],"tags":[],"class_list":["post-970","post","type-post","status-publish","format-standard","hentry","category-banda-de-pau-e-corda"],"_links":{"self":[{"href":"https:\/\/www.toque-musicall.com\/index.php?rest_route=\/wp\/v2\/posts\/970","targetHints":{"allow":["GET"]}}],"collection":[{"href":"https:\/\/www.toque-musicall.com\/index.php?rest_route=\/wp\/v2\/posts"}],"about":[{"href":"https:\/\/www.toque-musicall.com\/index.php?rest_route=\/wp\/v2\/types\/post"}],"author":[{"embeddable":true,"href":"https:\/\/www.toque-musicall.com\/index.php?rest_route=\/wp\/v2\/users\/1"}],"replies":[{"embeddable":true,"href":"https:\/\/www.toque-musicall.com\/index.php?rest_route=%2Fwp%2Fv2%2Fcomments&post=970"}],"version-history":[{"count":0,"href":"https:\/\/www.toque-musicall.com\/index.php?rest_route=\/wp\/v2\/posts\/970\/revisions"}],"wp:attachment":[{"href":"https:\/\/www.toque-musicall.com\/index.php?rest_route=%2Fwp%2Fv2%2Fmedia&parent=970"}],"wp:term":[{"taxonomy":"category","embeddable":true,"href":"https:\/\/www.toque-musicall.com\/index.php?rest_route=%2Fwp%2Fv2%2Fcategories&post=970"},{"taxonomy":"post_tag","embeddable":true,"href":"https:\/\/www.toque-musicall.com\/index.php?rest_route=%2Fwp%2Fv2%2Ftags&post=970"}],"curies":[{"name":"wp","href":"https:\/\/api.w.org\/{rel}","templated":true}]}}