{"id":971,"date":"2010-01-05T23:09:00","date_gmt":"2010-01-05T23:09:00","guid":{"rendered":"http:\/\/www.toque-musicall.com\/?p=971"},"modified":"2010-01-05T23:09:00","modified_gmt":"2010-01-05T23:09:00","slug":"marlene-te-pego-pela-palavra-1974","status":"publish","type":"post","link":"https:\/\/www.toque-musicall.com\/?p=971","title":{"rendered":"Marlene &#8211; Te Pego Pela Palavra (1974)"},"content":{"rendered":"<p><a href=\"http:\/\/2.bp.blogspot.com\/_DSKVEvHtskc\/S0PH0DBQR1I\/AAAAAAAAF_0\/EmE0akZHV3c\/s1600-h\/marlene+Ap.JPG\" style=\"text-decoration: none;\"><img decoding=\"async\" style=\"display:block; margin:0px auto 10px; text-align:center;cursor:pointer; cursor:hand;width: 397px; height: 400px;\" src=\"http:\/\/2.bp.blogspot.com\/_DSKVEvHtskc\/S0PH0DBQR1I\/AAAAAAAAF_0\/EmE0akZHV3c\/s400\/marlene+Ap.JPG\" border=\"0\" alt=\"\" id=\"BLOGGER_PHOTO_ID_5423398073261901650\" \/><\/a><a href=\"http:\/\/4.bp.blogspot.com\/_DSKVEvHtskc\/S0PHvjhgsqI\/AAAAAAAAF_s\/fpX5bLXp2a4\/s1600-h\/marlene+Bp.JPG\"><img decoding=\"async\" style=\"display:block; margin:0px auto 10px; text-align:center;cursor:pointer; cursor:hand;width: 400px; height: 394px;\" src=\"http:\/\/4.bp.blogspot.com\/_DSKVEvHtskc\/S0PHvjhgsqI\/AAAAAAAAF_s\/fpX5bLXp2a4\/s400\/marlene+Bp.JPG\" border=\"0\" alt=\"\" id=\"BLOGGER_PHOTO_ID_5423397996087784098\" \/><\/a>Resolvi incluir no dia de hoje um &#8216;repost&#8217;, movido por duas raz\u00f5es. A primeira foi no sentido de complementar o dia com algo mais musical. A segunda raz\u00e3o foi por um erro mesmo, hehehe&#8230; Foram tantas as postagens nesses quase tr\u00eas anos que as vezes eu at\u00e9 me esque\u00e7o do que j\u00e1 postei. Eu estava certo de que o presente disco ainda era novidade. Fiz uma busca r\u00e1pida no Google e descobri que eu j\u00e1 o havia postado. Xiii&#8230; fazer o qu\u00ea? Agora vai assim mesmo. Mas com um detalhe: um repost mais caprichado. Na postagem anterior deste disco os arquivos estavam em baixa qualidade e incompletos. Agora ele ficou redondinho, aqui e no primeiro (tem um link novo l\u00e1 tamb\u00e9m). Ali\u00e1s, este \u00e9 um \u00e1lbum que merece ser ouvido na \u00edntegra e com tudo que ele tem direito. &#8220;Te pego pela palavra&#8221; foi um show antol\u00f3gico, dirigido por Herm\u00ednio Bello de Carvalho. Estreou no Rio em 1974, na boate Number One, teve tamb\u00e9m edi\u00e7\u00e3o em S\u00e3o Paulo. Foi um espet\u00e1culo t\u00e3o bem produzido e com uma qualidade musical t\u00e3o boa que acabou virando disco. Marlene, a rainha do r\u00e1dio, supera a si mesma, mostrando sua versatilidade, cantando um repert\u00f3rio variad\u00edssimo, como podemos ver logo a baixo&#8230;<\/p>\n<div><\/div>\n<div style=\"text-align: center;\">lata d&#8217;agua<\/div>\n<div style=\"text-align: center;\">z\u00e9 marmita<\/div>\n<div style=\"text-align: center;\">pra quem quiser cantar<\/div>\n<div style=\"text-align: center;\">se \u00e9 pecado sambar<\/div>\n<div style=\"text-align: center;\">can\u00e7\u00e3o do medo<\/div>\n<div style=\"text-align: center;\">primeira bateria<\/div>\n<div style=\"text-align: center;\">br\u00f4co do dod\u00f3 crioulo<\/div>\n<div style=\"text-align: center;\">dois pra l\u00e1 dois pra c\u00e1<\/div>\n<div style=\"text-align: center;\">ronda<\/div>\n<div style=\"text-align: center;\">cabar\u00e9<\/div>\n<div style=\"text-align: center;\">na subida do morro<\/div>\n<div style=\"text-align: center;\">pra onde vai valente?<\/div>\n<div style=\"text-align: center;\">seren\u00f4<\/div>\n<div style=\"text-align: center;\">man\u00e9 fogueteiro<\/div>\n<div style=\"text-align: center;\">debaixo do sol<\/div>\n<div style=\"text-align: center;\">rock&#8217;n&#8217;roll<\/div>\n<div style=\"text-align: center;\">beguine dod\u00f3i<\/div>\n<div style=\"text-align: center;\">resistindo<\/div>\n<div style=\"text-align: center;\">o trem chegou<\/div>\n<div style=\"text-align: center;\">trem de alagoas<\/div>\n<div style=\"text-align: center;\">ponta de areia<\/div>\n<div style=\"text-align: center;\">o trem <\/div>\n<div style=\"text-align: center;\">ponta de areia<\/div>\n<div style=\"text-align: center;\">cabra cega<\/div>\n<div style=\"text-align: center;\">o chef\u00e3o <\/div>\n<div style=\"text-align: center;\">galope<\/div>\n<div style=\"text-align: center;\">meu cora\u00e7\u00e3o \u00e9 um pandeiro<\/div>\n<div style=\"text-align: center;\">roupa prateada<\/div>\n<div style=\"text-align: center;\">catedral do inferno<\/div>\n<div style=\"text-align: center;\">se \u00e9 pecado sambar<\/div>\n<div style=\"text-align: center;\"><\/div>\n<div style=\"text-align: center;\"><\/div>\n","protected":false},"excerpt":{"rendered":"<p>Resolvi incluir no dia de hoje um &#8216;repost&#8217;, movido por duas raz\u00f5es. A primeira foi no sentido de complementar o dia com algo mais musical. A segunda raz\u00e3o foi por um erro mesmo, hehehe&#8230; Foram tantas as postagens nesses quase &hellip; <a href=\"https:\/\/www.toque-musicall.com\/?p=971\">Continue lendo <span class=\"meta-nav\">&rarr;<\/span><\/a><\/p>\n","protected":false},"author":1,"featured_media":0,"comment_status":"open","ping_status":"closed","sticky":false,"template":"","format":"standard","meta":{"footnotes":""},"categories":[103,86],"tags":[],"class_list":["post-971","post","type-post","status-publish","format-standard","hentry","category-marlene","category-selo-odeon"],"_links":{"self":[{"href":"https:\/\/www.toque-musicall.com\/index.php?rest_route=\/wp\/v2\/posts\/971","targetHints":{"allow":["GET"]}}],"collection":[{"href":"https:\/\/www.toque-musicall.com\/index.php?rest_route=\/wp\/v2\/posts"}],"about":[{"href":"https:\/\/www.toque-musicall.com\/index.php?rest_route=\/wp\/v2\/types\/post"}],"author":[{"embeddable":true,"href":"https:\/\/www.toque-musicall.com\/index.php?rest_route=\/wp\/v2\/users\/1"}],"replies":[{"embeddable":true,"href":"https:\/\/www.toque-musicall.com\/index.php?rest_route=%2Fwp%2Fv2%2Fcomments&post=971"}],"version-history":[{"count":0,"href":"https:\/\/www.toque-musicall.com\/index.php?rest_route=\/wp\/v2\/posts\/971\/revisions"}],"wp:attachment":[{"href":"https:\/\/www.toque-musicall.com\/index.php?rest_route=%2Fwp%2Fv2%2Fmedia&parent=971"}],"wp:term":[{"taxonomy":"category","embeddable":true,"href":"https:\/\/www.toque-musicall.com\/index.php?rest_route=%2Fwp%2Fv2%2Fcategories&post=971"},{"taxonomy":"post_tag","embeddable":true,"href":"https:\/\/www.toque-musicall.com\/index.php?rest_route=%2Fwp%2Fv2%2Ftags&post=971"}],"curies":[{"name":"wp","href":"https:\/\/api.w.org\/{rel}","templated":true}]}}