{"id":9711,"date":"2022-11-30T09:48:30","date_gmt":"2022-11-30T12:48:30","guid":{"rendered":"https:\/\/www.toque-musicall.com\/?p=9711"},"modified":"2023-04-09T12:18:54","modified_gmt":"2023-04-09T15:18:54","slug":"ivana-para-ouvir-e-sonhar-1996","status":"publish","type":"post","link":"https:\/\/www.toque-musicall.com\/?p=9711","title":{"rendered":"Ivana &#8211; Para Ouvir E Sonhar (1996)"},"content":{"rendered":"\n<figure class=\"wp-block-image size-large\"><img decoding=\"async\" src=\"https:\/\/blogger.googleusercontent.com\/img\/b\/R29vZ2xl\/AVvXsEjWv2SjJaFNuX4yw5_PIf8vVOymcspIyb2SuLJ0DMtf-D8llg_QT0DuKup7A8NDs-MXSz-E17z8YateCO7KrOg-sBIBwXBuqwHuCYth8I0Eb2eI1jKM0NgdWJwS6WH3M0VwM-TOqWN_yUx1Lza69hYsMhZ744ZgPeTm9M7wCHIHUxes4TnQ-sbiVhnBww\/w640-h638\/Capturar.JPG\" alt=\"\"\/><\/figure>\n\n\n\n<figure class=\"wp-block-image size-large\"><img decoding=\"async\" src=\"data:image\/gif;base64,R0lGODlhAQABAPAAAP\/\/\/wAAACH5BAEAAAAALAAAAAABAAEAAAICRAEAOw==\" alt=\"\"\/><\/figure>\n\n\n\n<figure class=\"wp-block-image size-large is-resized\"><img loading=\"lazy\" decoding=\"async\" src=\"https:\/\/blogger.googleusercontent.com\/img\/b\/R29vZ2xl\/AVvXsEgylkYh0f57ZHO8vIlhYYcI7yhVtCv9m_ww6-gEGRmvRWYPM1pCnjIDtyQk-lfd1C5GfowtiH9oSjngeo0r4yj6WRzLMtnqIp9rVpQRbH8MZ33tjVoYRB2HYADTT-gAw8WM74l0IOE1c1IG1uLPO2KLoEIF_zfSrCl_topJNA4NJglrjQ-e5Jzm2Y01gA\/w640-h626\/Capturarb.JPG\" alt=\"\" width=\"614\" height=\"601\"\/><\/figure>\n\n\n<div class=\"separator\">pouco a pouco<\/div>\n<div class=\"separator\">metade de mim<\/div>\n<div class=\"separator\">as vezes penso<\/div>\n<div class=\"separator\">teu caso sou eu<\/div>\n<div class=\"separator\">amanda<\/div>\n<div class=\"separator\">por amis ningu\u00e9m<\/div>\n<div class=\"separator\">t\u00f4 morrendo de saudade<\/div>\n<div class=\"separator\">falando s\u00e9rio<\/div>\n<div class=\"separator\">momentos<\/div>\n<div class=\"separator\">haja cora\u00e7\u00e3o<\/div>\n<div class=\"separator\">\u00a0<\/div>\n<div class=\"separator\">\u00a0<\/div>\n<div class=\"separator\">.<\/div>\n<div class=\"separator\">\u00a0<\/div>","protected":false},"excerpt":{"rendered":"<p>pouco a pouco metade de mim as vezes penso teu caso sou eu amanda por amis ningu\u00e9m t\u00f4 morrendo de saudade falando s\u00e9rio momentos haja cora\u00e7\u00e3o \u00a0 \u00a0 . \u00a0<\/p>\n","protected":false},"author":1,"featured_media":0,"comment_status":"closed","ping_status":"closed","sticky":false,"template":"","format":"standard","meta":{"footnotes":""},"categories":[5283],"tags":[5284,3017],"class_list":["post-9711","post","type-post","status-publish","format-standard","hentry","category-ivana","tag-ivana","tag-selo-independente"],"_links":{"self":[{"href":"https:\/\/www.toque-musicall.com\/index.php?rest_route=\/wp\/v2\/posts\/9711","targetHints":{"allow":["GET"]}}],"collection":[{"href":"https:\/\/www.toque-musicall.com\/index.php?rest_route=\/wp\/v2\/posts"}],"about":[{"href":"https:\/\/www.toque-musicall.com\/index.php?rest_route=\/wp\/v2\/types\/post"}],"author":[{"embeddable":true,"href":"https:\/\/www.toque-musicall.com\/index.php?rest_route=\/wp\/v2\/users\/1"}],"replies":[{"embeddable":true,"href":"https:\/\/www.toque-musicall.com\/index.php?rest_route=%2Fwp%2Fv2%2Fcomments&post=9711"}],"version-history":[{"count":2,"href":"https:\/\/www.toque-musicall.com\/index.php?rest_route=\/wp\/v2\/posts\/9711\/revisions"}],"predecessor-version":[{"id":9742,"href":"https:\/\/www.toque-musicall.com\/index.php?rest_route=\/wp\/v2\/posts\/9711\/revisions\/9742"}],"wp:attachment":[{"href":"https:\/\/www.toque-musicall.com\/index.php?rest_route=%2Fwp%2Fv2%2Fmedia&parent=9711"}],"wp:term":[{"taxonomy":"category","embeddable":true,"href":"https:\/\/www.toque-musicall.com\/index.php?rest_route=%2Fwp%2Fv2%2Fcategories&post=9711"},{"taxonomy":"post_tag","embeddable":true,"href":"https:\/\/www.toque-musicall.com\/index.php?rest_route=%2Fwp%2Fv2%2Ftags&post=9711"}],"curies":[{"name":"wp","href":"https:\/\/api.w.org\/{rel}","templated":true}]}}