{"id":980,"date":"2009-12-24T13:32:00","date_gmt":"2009-12-24T13:32:00","guid":{"rendered":"http:\/\/www.toque-musicall.com\/?p=980"},"modified":"2009-12-24T13:32:00","modified_gmt":"2009-12-24T13:32:00","slug":"titulares-do-ritmo-brasilico-1976","status":"publish","type":"post","link":"https:\/\/www.toque-musicall.com\/?p=980","title":{"rendered":"Titulares Do Ritmo &#8211; Bras\u00edlico (1976)"},"content":{"rendered":"<p><a href=\"http:\/\/1.bp.blogspot.com\/_DSKVEvHtskc\/SzOHkiVhelI\/AAAAAAAAF6c\/iLaZd-1pKqQ\/s1600-h\/Titulares+do+Ritmo+P.JPG\"><img decoding=\"async\" style=\"display:block; margin:0px auto 10px; text-align:center;cursor:pointer; cursor:hand;width: 400px; height: 396px;\" src=\"http:\/\/1.bp.blogspot.com\/_DSKVEvHtskc\/SzOHkiVhelI\/AAAAAAAAF6c\/iLaZd-1pKqQ\/s400\/Titulares+do+Ritmo+P.JPG\" border=\"0\" alt=\"\" id=\"BLOGGER_PHOTO_ID_5418823838418958930\" \/><\/a>Ol\u00e1 amigos cultos e ocultos! Chegamos enfim \u00e0s v\u00e9speras do Natal. Hoje teremos uma noite de confraterniza\u00e7\u00e3o. Fam\u00edlia, amigos, amores&#8230; todos se juntam para comemorar o nascimento de Cristo. Um momento importante para que possamos refletir sobre os caminhos e ac\u00f5es que temos tomado ao longo de nossas vidas. Momento para acreditarmos mais na bondade humana. Para pedirmos perd\u00e3o e tamb\u00e9m para sermos perdoados. Para mim, nesta data, o que importa mesmo \u00e9 isso. Natal \u00e9 alegria, mas tamb\u00e9m nos leva \u00e0 tristeza, \u00e0 melancolia&#8230; nos faz lembrar dos nossos entes amados que j\u00e1 n\u00e3o compartilham em vida da nossa ceia e do nosso encontro. \u00c9 ruim sentir essa falta. A saudade mata a gente. Natal de alegria \u00e9 com presente. Fam\u00edlia, amigos e amores, todos presentes.<\/p>\n<div>Para o dia de hoje, tenho aqui um \u00e1lbum \u00f3timo para a noite natalina. Vamos com o grupo vocal, os Titulares do Ritmo, em seu disco &#8220;Bras\u00edlico&#8221;, lan\u00e7ado em 1976 pela Chantecler. Nele temos um repert\u00f3rio dos mais agrad\u00e1veis, como pode ser conferido logo a baixo (e tamb\u00e9m ouvindo, claro!). Bras\u00edlico \u00e9 um t\u00edtulo que n\u00e3o corresponde a uma determinada faixa musical, mas sim ao povo e \u00e0s coisas do Brasil. Aqui, no disco, o sentido foi o de homenagear os amigos, artistas e autores por quem ele sempre prezaram, oferecendo-lhes suas interpreta\u00e7\u00f5es. Segundo o texto da contracapa, este foi o disco onde os Titulares do Ritmo tiveram total liberdade de escolha do repert\u00f3rio, sem preocupa\u00e7\u00f5es comerciais. Um disco feito com prazer. E prazer \u00e9 tamb\u00e9m o que sentimos ao ouvi-los cantar. Muito bom! Confiram a\u00ed&#8230;<\/div>\n<div><\/div>\n<div style=\"text-align: center;\">gente humilde<\/div>\n<div style=\"text-align: center;\">guacyra<\/div>\n<div style=\"text-align: center;\">peixe vivo<\/div>\n<div style=\"text-align: center;\">minha terra<\/div>\n<div style=\"text-align: center;\">tambataj\u00e1<\/div>\n<div style=\"text-align: center;\">falua<\/div>\n<div style=\"text-align: center;\">odeon<\/div>\n<div style=\"text-align: center;\">quem sabe<\/div>\n<div style=\"text-align: center;\">modinha<\/div>\n<div style=\"text-align: center;\">o canto do pag\u00e9<\/div>\n<div style=\"text-align: center;\">ch\u00e3o de estrelas<\/div>\n<div style=\"text-align: center;\">por quem sonha ana maria<\/div>\n<div style=\"text-align: center;\"><\/div>\n<div style=\"text-align: center;\"><\/div>\n","protected":false},"excerpt":{"rendered":"<p>Ol\u00e1 amigos cultos e ocultos! Chegamos enfim \u00e0s v\u00e9speras do Natal. Hoje teremos uma noite de confraterniza\u00e7\u00e3o. Fam\u00edlia, amigos, amores&#8230; todos se juntam para comemorar o nascimento de Cristo. Um momento importante para que possamos refletir sobre os caminhos e &hellip; <a href=\"https:\/\/www.toque-musicall.com\/?p=980\">Continue lendo <span class=\"meta-nav\">&rarr;<\/span><\/a><\/p>\n","protected":false},"author":1,"featured_media":0,"comment_status":"open","ping_status":"closed","sticky":false,"template":"","format":"standard","meta":{"footnotes":""},"categories":[308],"tags":[],"class_list":["post-980","post","type-post","status-publish","format-standard","hentry","category-titulares-do-ritmo"],"_links":{"self":[{"href":"https:\/\/www.toque-musicall.com\/index.php?rest_route=\/wp\/v2\/posts\/980","targetHints":{"allow":["GET"]}}],"collection":[{"href":"https:\/\/www.toque-musicall.com\/index.php?rest_route=\/wp\/v2\/posts"}],"about":[{"href":"https:\/\/www.toque-musicall.com\/index.php?rest_route=\/wp\/v2\/types\/post"}],"author":[{"embeddable":true,"href":"https:\/\/www.toque-musicall.com\/index.php?rest_route=\/wp\/v2\/users\/1"}],"replies":[{"embeddable":true,"href":"https:\/\/www.toque-musicall.com\/index.php?rest_route=%2Fwp%2Fv2%2Fcomments&post=980"}],"version-history":[{"count":0,"href":"https:\/\/www.toque-musicall.com\/index.php?rest_route=\/wp\/v2\/posts\/980\/revisions"}],"wp:attachment":[{"href":"https:\/\/www.toque-musicall.com\/index.php?rest_route=%2Fwp%2Fv2%2Fmedia&parent=980"}],"wp:term":[{"taxonomy":"category","embeddable":true,"href":"https:\/\/www.toque-musicall.com\/index.php?rest_route=%2Fwp%2Fv2%2Fcategories&post=980"},{"taxonomy":"post_tag","embeddable":true,"href":"https:\/\/www.toque-musicall.com\/index.php?rest_route=%2Fwp%2Fv2%2Ftags&post=980"}],"curies":[{"name":"wp","href":"https:\/\/api.w.org\/{rel}","templated":true}]}}