{"id":9803,"date":"2023-05-17T11:09:01","date_gmt":"2023-05-17T14:09:01","guid":{"rendered":"https:\/\/www.toque-musicall.com\/?p=9803"},"modified":"2023-06-11T11:11:59","modified_gmt":"2023-06-11T14:11:59","slug":"maria-helena-coelho-de-andrade-piano-1984","status":"publish","type":"post","link":"https:\/\/www.toque-musicall.com\/?p=9803","title":{"rendered":"Maria Helena Coelho De Andrade &#8211; Piano (1984)"},"content":{"rendered":"\n<figure class=\"wp-block-image size-large\"><img decoding=\"async\" src=\"https:\/\/blogger.googleusercontent.com\/img\/b\/R29vZ2xl\/AVvXsEj9Q7ZUmTYgqGbhSPAiztUdzfRnLaH3EuAyTG-6iPbWy_IV4w1jRV7nn1zGpRu3MrQoRKQFyl5j0_I-wHqGI1mzNxKWF3c0QS3IZ7sZ5jYDhTtmmRzWhNLLkVBgLB_uiELojaAU-hL_Jvg4woydHv19dgpJptaeLxmLFN1wLEN_F1PFk6ja9Mrh8Arflg\/w640-h636\/Capturar.JPG\" alt=\"\"\/><\/figure>\n\n\n\n<figure class=\"wp-block-image size-large\"><img decoding=\"async\" src=\"https:\/\/blogger.googleusercontent.com\/img\/b\/R29vZ2xl\/AVvXsEhSOslTolxQBq7j570N2BvCPNF3JFa8Izn5JXu8SoAh9nrnzOfTvvyGgkvW20WfjOO3PtFAnqnEGGOUNF8DEh727yurvikSxgLatYU8R0Bn1FJU9dP1FnwefWEKbziioub4RNwky-mcYlrwTiQcTCQAJCSroScVJx3NYgCnDTnLqzOhLyljbTidx_HRuA\/w640-h640\/Capturarb.JPG\" alt=\"\"\/><\/figure>\n\n\n<div class=\"separator\">bach-busoni &#8211; chaconne r\u00e9 menor<\/div>\n<div class=\"separator\">heitor alimonda &#8211; tr\u00eas estudos<\/div>\n<div class=\"separator\">francisco mignone:<\/div>\n<div class=\"separator\">temperando<\/div>\n<div class=\"separator\">outra lenda sertaneja<\/div>\n<div class=\"separator\">beliscando forte<\/div>\n<div class=\"separator\">valsa que n\u00e3o \u00e9 de esquina<\/div>\n<div class=\"separator\">batuque batucado<\/div>\n<div class=\"separator\">sonata<\/div>\n<div class=\"separator\">moderanto<\/div>\n<div class=\"separator\">andantino &#8211; quasi alegretto<\/div>\n<div class=\"separator\">moderato<\/div>\n<div class=\"separator\">\u00a0<\/div>\n<div class=\"separator\">.<\/div>","protected":false},"excerpt":{"rendered":"<p>bach-busoni &#8211; chaconne r\u00e9 menor heitor alimonda &#8211; tr\u00eas estudos francisco mignone: temperando outra lenda sertaneja beliscando forte valsa que n\u00e3o \u00e9 de esquina batuque batucado sonata moderanto andantino &#8211; quasi alegretto moderato \u00a0 .<\/p>\n","protected":false},"author":1,"featured_media":0,"comment_status":"closed","ping_status":"closed","sticky":false,"template":"","format":"standard","meta":{"footnotes":""},"categories":[5347],"tags":[5300,5346,3017],"class_list":["post-9803","post","type-post","status-publish","format-standard","hentry","category-maria-helena-coelho-de-andrade","tag-francisco-mignone","tag-maria-helena-coelho-de-andrade","tag-selo-independente"],"_links":{"self":[{"href":"https:\/\/www.toque-musicall.com\/index.php?rest_route=\/wp\/v2\/posts\/9803","targetHints":{"allow":["GET"]}}],"collection":[{"href":"https:\/\/www.toque-musicall.com\/index.php?rest_route=\/wp\/v2\/posts"}],"about":[{"href":"https:\/\/www.toque-musicall.com\/index.php?rest_route=\/wp\/v2\/types\/post"}],"author":[{"embeddable":true,"href":"https:\/\/www.toque-musicall.com\/index.php?rest_route=\/wp\/v2\/users\/1"}],"replies":[{"embeddable":true,"href":"https:\/\/www.toque-musicall.com\/index.php?rest_route=%2Fwp%2Fv2%2Fcomments&post=9803"}],"version-history":[{"count":1,"href":"https:\/\/www.toque-musicall.com\/index.php?rest_route=\/wp\/v2\/posts\/9803\/revisions"}],"predecessor-version":[{"id":9804,"href":"https:\/\/www.toque-musicall.com\/index.php?rest_route=\/wp\/v2\/posts\/9803\/revisions\/9804"}],"wp:attachment":[{"href":"https:\/\/www.toque-musicall.com\/index.php?rest_route=%2Fwp%2Fv2%2Fmedia&parent=9803"}],"wp:term":[{"taxonomy":"category","embeddable":true,"href":"https:\/\/www.toque-musicall.com\/index.php?rest_route=%2Fwp%2Fv2%2Fcategories&post=9803"},{"taxonomy":"post_tag","embeddable":true,"href":"https:\/\/www.toque-musicall.com\/index.php?rest_route=%2Fwp%2Fv2%2Ftags&post=9803"}],"curies":[{"name":"wp","href":"https:\/\/api.w.org\/{rel}","templated":true}]}}