{"id":981,"date":"2009-12-23T22:59:00","date_gmt":"2009-12-23T22:59:00","guid":{"rendered":"http:\/\/www.toque-musicall.com\/?p=981"},"modified":"2009-12-23T22:59:00","modified_gmt":"2009-12-23T22:59:00","slug":"poly-natal-em-familia-1975","status":"publish","type":"post","link":"https:\/\/www.toque-musicall.com\/?p=981","title":{"rendered":"Poly &#8211; Natal Em Fam\u00edlia (1975)"},"content":{"rendered":"<p><a href=\"http:\/\/3.bp.blogspot.com\/_DSKVEvHtskc\/SzKhM6MTMyI\/AAAAAAAAF6E\/ryGQL0HRvCE\/s1600-h\/poly+P.JPG\"><img decoding=\"async\" style=\"display:block; margin:0px auto 10px; text-align:center;cursor:pointer; cursor:hand;width: 400px; height: 399px;\" src=\"http:\/\/3.bp.blogspot.com\/_DSKVEvHtskc\/SzKhM6MTMyI\/AAAAAAAAF6E\/ryGQL0HRvCE\/s400\/poly+P.JPG\" border=\"0\" alt=\"\" id=\"BLOGGER_PHOTO_ID_5418570544831476514\" \/><\/a>Eu n\u00e3o poderia deixar de fora um disco t\u00edpico de natal. Da\u00ed reservei para nossa segunda edi\u00e7\u00e3o o &#8220;Natal em Fam\u00edlia&#8221; do excelente guitarrista Poly. Este \u00e1lbum \u00e9 daqueles tradicionais para se ouvir na noite do dia 24. Um natal em fam\u00edlia. Atrav\u00e9s deste, inicio os meus votos de um feliz natal a todos voc\u00eas, amigos cultos e ocultos. Feliz Natal!<\/p>\n<div><\/div>\n<div>\n<div style=\"text-align: center;\">noite silenciosa<\/div>\n<div style=\"text-align: center;\">visita ao pres\u00e9pio<\/div>\n<div style=\"text-align: center;\">noite de gl\u00f3ria<\/div>\n<div style=\"text-align: center;\">natal no sert\u00e3o<\/div>\n<div style=\"text-align: center;\">papai noel me esqueceu<\/div>\n<div style=\"text-align: center;\">white christmas<\/div>\n<div style=\"text-align: center;\">boas festas<\/div>\n<div style=\"text-align: center;\">25 de dezembro<\/div>\n<div style=\"text-align: center;\">cantiga de natal<\/div>\n<div style=\"text-align: center;\">folias de reis de itanhaem<\/div>\n<div style=\"text-align: center;\">estrela do menino pobre<\/div>\n<div style=\"text-align: center;\">natal dos caboclos<\/div>\n<div style=\"text-align: center;\"><\/div>\n<div style=\"text-align: center;\"><\/div>\n<\/div>\n","protected":false},"excerpt":{"rendered":"<p>Eu n\u00e3o poderia deixar de fora um disco t\u00edpico de natal. Da\u00ed reservei para nossa segunda edi\u00e7\u00e3o o &#8220;Natal em Fam\u00edlia&#8221; do excelente guitarrista Poly. Este \u00e1lbum \u00e9 daqueles tradicionais para se ouvir na noite do dia 24. Um natal &hellip; <a href=\"https:\/\/www.toque-musicall.com\/?p=981\">Continue lendo <span class=\"meta-nav\">&rarr;<\/span><\/a><\/p>\n","protected":false},"author":1,"featured_media":0,"comment_status":"open","ping_status":"closed","sticky":false,"template":"","format":"standard","meta":{"footnotes":""},"categories":[1287],"tags":[],"class_list":["post-981","post","type-post","status-publish","format-standard","hentry","category-poly"],"_links":{"self":[{"href":"https:\/\/www.toque-musicall.com\/index.php?rest_route=\/wp\/v2\/posts\/981","targetHints":{"allow":["GET"]}}],"collection":[{"href":"https:\/\/www.toque-musicall.com\/index.php?rest_route=\/wp\/v2\/posts"}],"about":[{"href":"https:\/\/www.toque-musicall.com\/index.php?rest_route=\/wp\/v2\/types\/post"}],"author":[{"embeddable":true,"href":"https:\/\/www.toque-musicall.com\/index.php?rest_route=\/wp\/v2\/users\/1"}],"replies":[{"embeddable":true,"href":"https:\/\/www.toque-musicall.com\/index.php?rest_route=%2Fwp%2Fv2%2Fcomments&post=981"}],"version-history":[{"count":0,"href":"https:\/\/www.toque-musicall.com\/index.php?rest_route=\/wp\/v2\/posts\/981\/revisions"}],"wp:attachment":[{"href":"https:\/\/www.toque-musicall.com\/index.php?rest_route=%2Fwp%2Fv2%2Fmedia&parent=981"}],"wp:term":[{"taxonomy":"category","embeddable":true,"href":"https:\/\/www.toque-musicall.com\/index.php?rest_route=%2Fwp%2Fv2%2Fcategories&post=981"},{"taxonomy":"post_tag","embeddable":true,"href":"https:\/\/www.toque-musicall.com\/index.php?rest_route=%2Fwp%2Fv2%2Ftags&post=981"}],"curies":[{"name":"wp","href":"https:\/\/api.w.org\/{rel}","templated":true}]}}