{"id":982,"date":"2009-12-23T10:04:00","date_gmt":"2009-12-23T10:04:00","guid":{"rendered":"http:\/\/www.toque-musicall.com\/?p=982"},"modified":"2009-12-23T10:04:00","modified_gmt":"2009-12-23T10:04:00","slug":"waldir-calmon-samba-alegria-do-brasil-1956","status":"publish","type":"post","link":"https:\/\/www.toque-musicall.com\/?p=982","title":{"rendered":"Waldir Calmon &#8211; Samba! Alegria Do Brasil (1956)"},"content":{"rendered":"<p><a href=\"http:\/\/1.bp.blogspot.com\/_DSKVEvHtskc\/SzHrcY980hI\/AAAAAAAAF5w\/pSZdKsVWjjk\/s1600-h\/waldir+calmon+P.JPG\"><img decoding=\"async\" style=\"display:block; margin:0px auto 10px; text-align:center;cursor:pointer; cursor:hand;width: 397px; height: 400px;\" src=\"http:\/\/1.bp.blogspot.com\/_DSKVEvHtskc\/SzHrcY980hI\/AAAAAAAAF5w\/pSZdKsVWjjk\/s400\/waldir+calmon+P.JPG\" border=\"0\" alt=\"\" id=\"BLOGGER_PHOTO_ID_5418370699674571282\" \/><\/a>Bom dia prezados natal\u00edcios cultos e ocultos. Como \u00e9, est\u00e3o gostando dos presentes em dose dupla de natal? Tenho certeza que sim \ud83d\ude42 Vamos com Papai Noel trazendo mais uma raridade. Esta postagem vai em especial para o meu amigo Ed Pampani, grande incentivador e colaborador no Toque Musical. Atendendo ao seu pedido e que por certo ir\u00e1 agradar tamb\u00e9m aos demais visitantes.<\/p>\n<div>Temos aqui e mais uma vez a presen\u00e7a do grande Waldir Calmon, pianista e compositor que por mais de quatro d\u00e9cadas embalou os ouvintes, passantes e dan\u00e7antes com seu piano e orquestra. Tocou em diversas casas noturnas, no r\u00e1dio e tv. Foi o primeiro instrumentista brasileiro a tocar um Solovox, aquele tecladinho eletr\u00f4nico que parece uma escaleta. Seus discos da s\u00e9rie &#8220;Feito Para Dan\u00e7ar&#8221; faziam muito sucesso, vendeu horrores. Nas d\u00e9cadas de 60 e 70 ele se dedicou tamb\u00e9m a outros teclados. Teve tamb\u00e9m sua pr\u00f3pria casa noturna, a Arp\u00e8je, por onde desfilaram grandes nomes da m\u00fasica. Arp\u00e8je tamb\u00e9m foi o nome dado ao seu selo, na Produ\u00e7\u00f5es Art\u00edsticas Waldir Calmon S.A., criado em 1959.<\/div>\n<div>O raro \u00e1lbum que apresento a voc\u00eas, lan\u00e7ado pelo selo Radio em 1956, ficou famoso por trazer em seu repert\u00f3rio ufanista, m\u00fasicas de autores como Ary Barroso, Benedito Lacerda, Alcy Pires Vermelho, Jos\u00e9 Maria de Abreu, Luiz Bandeira e outros. S\u00e3o cl\u00e1ssicos que exaltam o Samba, o Rio de Janeiro, a Bahia e o Brasil. Entre tantos destaques musicais temos a tamb\u00e9m famosa grava\u00e7\u00e3o de &#8220;Na cad\u00eancia do samba&#8221; de Luiz Bandeira. Quem com mais de 40 anos n\u00e3o se lembra dela quando ia ao cinema? Esta m\u00fasica era o tema de abertura do saudoso Canal 100, onde a gente via ampliados na telona os nossos \u00eddolos do futebol. Era bacana assistir ao futebol numa proje\u00e7\u00e3o cinematogr\u00e1fica tendo como fundo musical este samba com Waldir e orquestra.<\/div>\n<div>Ta\u00ed um lp nota 10. Mais tarde teremos outro trazido da discoteca do Papai Noel \ud83d\ude09<\/div>\n<div><\/div>\n<div style=\"text-align: center;\">rio de janeiro<\/div>\n<div style=\"text-align: center;\">brasil moreno<\/div>\n<div style=\"text-align: center;\">exalta\u00e7\u00e3o \u00e0 bahia<\/div>\n<div style=\"text-align: center;\">na baixa do sapateiro<\/div>\n<div style=\"text-align: center;\">aquarela do brasil<\/div>\n<div style=\"text-align: center;\">canta brasil<\/div>\n<div style=\"text-align: center;\">isso \u00e9 brasil<\/div>\n<div style=\"text-align: center;\">brasil<\/div>\n<div style=\"text-align: center;\">na cad\u00eancia do samba<\/div>\n<div style=\"text-align: center;\">dinorah<\/div>\n<div style=\"text-align: center;\"><\/div>\n<div style=\"text-align: center;\"><\/div>\n","protected":false},"excerpt":{"rendered":"<p>Bom dia prezados natal\u00edcios cultos e ocultos. Como \u00e9, est\u00e3o gostando dos presentes em dose dupla de natal? Tenho certeza que sim \ud83d\ude42 Vamos com Papai Noel trazendo mais uma raridade. Esta postagem vai em especial para o meu amigo &hellip; <a href=\"https:\/\/www.toque-musicall.com\/?p=982\">Continue lendo <span class=\"meta-nav\">&rarr;<\/span><\/a><\/p>\n","protected":false},"author":1,"featured_media":0,"comment_status":"open","ping_status":"closed","sticky":false,"template":"","format":"standard","meta":{"footnotes":""},"categories":[665],"tags":[],"class_list":["post-982","post","type-post","status-publish","format-standard","hentry","category-waldir-calmon"],"_links":{"self":[{"href":"https:\/\/www.toque-musicall.com\/index.php?rest_route=\/wp\/v2\/posts\/982","targetHints":{"allow":["GET"]}}],"collection":[{"href":"https:\/\/www.toque-musicall.com\/index.php?rest_route=\/wp\/v2\/posts"}],"about":[{"href":"https:\/\/www.toque-musicall.com\/index.php?rest_route=\/wp\/v2\/types\/post"}],"author":[{"embeddable":true,"href":"https:\/\/www.toque-musicall.com\/index.php?rest_route=\/wp\/v2\/users\/1"}],"replies":[{"embeddable":true,"href":"https:\/\/www.toque-musicall.com\/index.php?rest_route=%2Fwp%2Fv2%2Fcomments&post=982"}],"version-history":[{"count":0,"href":"https:\/\/www.toque-musicall.com\/index.php?rest_route=\/wp\/v2\/posts\/982\/revisions"}],"wp:attachment":[{"href":"https:\/\/www.toque-musicall.com\/index.php?rest_route=%2Fwp%2Fv2%2Fmedia&parent=982"}],"wp:term":[{"taxonomy":"category","embeddable":true,"href":"https:\/\/www.toque-musicall.com\/index.php?rest_route=%2Fwp%2Fv2%2Fcategories&post=982"},{"taxonomy":"post_tag","embeddable":true,"href":"https:\/\/www.toque-musicall.com\/index.php?rest_route=%2Fwp%2Fv2%2Ftags&post=982"}],"curies":[{"name":"wp","href":"https:\/\/api.w.org\/{rel}","templated":true}]}}