{"id":9827,"date":"2023-06-06T11:10:46","date_gmt":"2023-06-06T14:10:46","guid":{"rendered":"https:\/\/www.toque-musicall.com\/?p=9827"},"modified":"2023-07-30T11:15:21","modified_gmt":"2023-07-30T14:15:21","slug":"maxixes-tres-seculos-de-musica-brasileira","status":"publish","type":"post","link":"https:\/\/www.toque-musicall.com\/?p=9827","title":{"rendered":"Maxixes &#8211; Tr\u00eas S\u00e9culos De M\u00fasica Brasileira"},"content":{"rendered":"\n<figure class=\"wp-block-image size-large\"><img decoding=\"async\" src=\"https:\/\/blogger.googleusercontent.com\/img\/b\/R29vZ2xl\/AVvXsEj6pf9ikK-lDf04KTCJkKeZC6e00DcrHohizJbTIWEoKrLQkkWvntT1HfFtcIA8dOMhuQVIB-6mEjEWVYDu3-WX2fHAiJ2eeR3k-HfTnLG7F90LJPGUio4jbhInkUUseYzMf2ugs2xKEfrOO3ed3qTUcH4kANGB3XYJFk-T9VI6lV5MWdQoI26m1CtJmO0H\/w640-h640\/IMG_20230307_060406951.JPG\" alt=\"\"\/><\/figure>\n\n\n\n<figure class=\"wp-block-image size-large\"><img decoding=\"async\" src=\"https:\/\/blogger.googleusercontent.com\/img\/b\/R29vZ2xl\/AVvXsEhARVZy8ABT7nnEv5wklvZONf13zHslJciLdW_absdyHoESUZYi_TfQKXIf9uQORt3Vr6PbpTMXzG9ZLHXNXuC9JxEM4nQ72sViLDRfx57y8bOdniHqm2fx0GgjHSIwOrzFfDJ4YoDGzIYvkIVXFTKfBvFnVfmz5hZimaKcowKBOMVDoMQmc3ayToCCqR99\/w640-h636\/IMG_20230307_060419161.JPG\" alt=\"\"\/><\/figure>\n\n\n<div class=\"separator\">jo\u00e3o lopes<\/div>\n<div class=\"separator\">ou vai ou racha<\/div>\n<div class=\"separator\">pinicando<\/div>\n<div class=\"separator\">sert\u00e3o paulista<\/div>\n<div class=\"separator\">amorzinho meu<\/div>\n<div class=\"separator\">satan<\/div>\n<div class=\"separator\">a\u00ed, hor\u00e1cio<\/div>\n<div class=\"separator\">tango maxixe<\/div>\n<div class=\"separator\">s\u00f4 capo\u00eara<\/div>\n<div class=\"separator\">como \u00e9 belo o carnaval<\/div>\n<div class=\"separator\">quebra, meu povo<\/div>\n<div class=\"separator\">a banda de l\u00e1<\/div>\n<div class=\"separator\">\u00a0<\/div>\n<div class=\"separator\">\u00a0<\/div>\n<div class=\"separator\">.<\/div>","protected":false},"excerpt":{"rendered":"<p>jo\u00e3o lopes ou vai ou racha pinicando sert\u00e3o paulista amorzinho meu satan a\u00ed, hor\u00e1cio tango maxixe s\u00f4 capo\u00eara como \u00e9 belo o carnaval quebra, meu povo a banda de l\u00e1 \u00a0 \u00a0 .<\/p>\n","protected":false},"author":1,"featured_media":0,"comment_status":"closed","ping_status":"closed","sticky":false,"template":"","format":"standard","meta":{"footnotes":""},"categories":[1],"tags":[5291,5362,4131,3108,5363],"class_list":["post-9827","post","type-post","status-publish","format-standard","hentry","category-sem-categoria","tag-eruditos","tag-regis-duprat","tag-rogerio-duprat","tag-selo-copacabana","tag-tres-seculos-de-musica-brasileira"],"_links":{"self":[{"href":"https:\/\/www.toque-musicall.com\/index.php?rest_route=\/wp\/v2\/posts\/9827","targetHints":{"allow":["GET"]}}],"collection":[{"href":"https:\/\/www.toque-musicall.com\/index.php?rest_route=\/wp\/v2\/posts"}],"about":[{"href":"https:\/\/www.toque-musicall.com\/index.php?rest_route=\/wp\/v2\/types\/post"}],"author":[{"embeddable":true,"href":"https:\/\/www.toque-musicall.com\/index.php?rest_route=\/wp\/v2\/users\/1"}],"replies":[{"embeddable":true,"href":"https:\/\/www.toque-musicall.com\/index.php?rest_route=%2Fwp%2Fv2%2Fcomments&post=9827"}],"version-history":[{"count":1,"href":"https:\/\/www.toque-musicall.com\/index.php?rest_route=\/wp\/v2\/posts\/9827\/revisions"}],"predecessor-version":[{"id":9828,"href":"https:\/\/www.toque-musicall.com\/index.php?rest_route=\/wp\/v2\/posts\/9827\/revisions\/9828"}],"wp:attachment":[{"href":"https:\/\/www.toque-musicall.com\/index.php?rest_route=%2Fwp%2Fv2%2Fmedia&parent=9827"}],"wp:term":[{"taxonomy":"category","embeddable":true,"href":"https:\/\/www.toque-musicall.com\/index.php?rest_route=%2Fwp%2Fv2%2Fcategories&post=9827"},{"taxonomy":"post_tag","embeddable":true,"href":"https:\/\/www.toque-musicall.com\/index.php?rest_route=%2Fwp%2Fv2%2Ftags&post=9827"}],"curies":[{"name":"wp","href":"https:\/\/api.w.org\/{rel}","templated":true}]}}