{"id":9849,"date":"2023-07-30T19:18:13","date_gmt":"2023-07-30T22:18:13","guid":{"rendered":"https:\/\/www.toque-musicall.com\/?p=9849"},"modified":"2023-12-28T19:01:28","modified_gmt":"2023-12-28T22:01:28","slug":"toque-musical-comemorando-16-anos-com-voce","status":"publish","type":"post","link":"https:\/\/www.toque-musicall.com\/?p=9849","title":{"rendered":"Toque Musical &#8211; Comemorando 16 Anos Com Voc\u00ea!"},"content":{"rendered":"\n<figure class=\"wp-block-image size-large\"><img decoding=\"async\" src=\"https:\/\/blogger.googleusercontent.com\/img\/b\/R29vZ2xl\/AVvXsEgWgEKFy9qunsnUocN_A_rP3WrpHSEPbUh6fEqh-dKj2beJEOhdVfJDMaQYDIqIUqc5sogWfCIn-ibvntdIMwmXMlOkZuRyKs6waml9cTziGpQHEPOGvQ7j1gHnET3fr7qSbmkHUPSzOBYhp-RCNCaMbXWptjMRZRhULBPNTFXb2RcrIFNoFLThknPB29sa\/w640-h638\/TOQUE%207anos.jpg\" alt=\"\"\/><\/figure>\n\n\n<div class=\"separator\">\n<div class=\"separator\" data-original-attrs=\"{&quot;style&quot;:&quot;&quot;}\">Ol\u00e1, amigos cultos e ocultos! Aqui estamos n\u00f3s completando 16 anos de atividades. A persist\u00eancia e resist\u00eancia continuam, seguimos nessa miss\u00e3o que n\u00e3o tem hora para parar. Embora nos \u00faltimos anos tenhamos reduzido nossas atividades e a\u00e7\u00f5es, o Toque Musical sobrevive como pode e certo que hoje para muito poucos. J\u00e1 n\u00e3o se trata de uma miss\u00e3o, mas de uma tradi\u00e7\u00e3o que enquanto puder irei mantendo. Vou agora dentro do meu tempo e das minhas possibilidades. Seguimos neste ano de forma inusitada, dando destaque a m\u00fasica erudita brasileira e seus compositores e int\u00e9rpretes. Mas, nada impede que eventualmente algo diferente apare\u00e7a.<\/div>\n<div class=\"separator\" data-original-attrs=\"{&quot;style&quot;:&quot;&quot;}\">Temos hoje mais de 4 mil t\u00edtulos em discos dos mais diversos g\u00eaneros dentro da m\u00fasica e artistas do Brasil. Boa parte do que foi postado aqui, hoje est\u00e1 no YouTube e pode ser acessado facilmente para escutar quando quiser. Mas, s\u00f3 aqui \u00e9 poss\u00edvel baixar o \u00e1udio e encartes. Contudo, ap\u00f3s seis meses, boa parte j\u00e1 n\u00e3o est\u00e1 mais acess\u00edvel no Grupo do Toque Musical. E para tanto, caso queiram baixar, basta fazer uma solicita\u00e7\u00e3o atrav\u00e9s do e-mail\u00a0<a href=\"https:\/\/www.blogger.com\/blog\/post\/edit\/3745961827362252182\/6790821692900464506?hl=pt-BR#\" data-original-attrs=\"{&quot;data-original-href&quot;:&quot;mailto:toquelinkmusical@gmail.com&quot;}\">toquelinkmusical@gmail.com<\/a>, mediante a uma contrapartida, uma pequena doa\u00e7\u00e3o. Isso ajuda a manter nossas publica\u00e7\u00f5es e a sobreviv\u00eancia do blog.<\/div>\n<div class=\"separator\" data-original-attrs=\"{&quot;style&quot;:&quot;&quot;}\">Seguimos em nossos toques, por hora reservado \u00e0 m\u00fasica cl\u00e1ssica\/erudita brasileira.<\/div>\n<div class=\"separator\" data-original-attrs=\"{&quot;style&quot;:&quot;&quot;}\">16 anos \u00e9 isso&#8230; maturidade&#8230; erudi\u00e7\u00e3o&#8230; hehehe&#8230;<\/div>\n<div class=\"separator\" data-original-attrs=\"{&quot;style&quot;:&quot;&quot;}\">Parab\u00e9ns para n\u00f3s!\u00a0<\/div>\n<\/div>","protected":false},"excerpt":{"rendered":"<p>Ol\u00e1, amigos cultos e ocultos! Aqui estamos n\u00f3s completando 16 anos de atividades. A persist\u00eancia e resist\u00eancia continuam, seguimos nessa miss\u00e3o que n\u00e3o tem hora para parar. Embora nos \u00faltimos anos tenhamos reduzido nossas atividades e a\u00e7\u00f5es, o Toque Musical &hellip; <a href=\"https:\/\/www.toque-musicall.com\/?p=9849\">Continue lendo <span class=\"meta-nav\">&rarr;<\/span><\/a><\/p>\n","protected":false},"author":1,"featured_media":0,"comment_status":"closed","ping_status":"closed","sticky":false,"template":"","format":"standard","meta":{"footnotes":""},"categories":[5386],"tags":[5385],"class_list":["post-9849","post","type-post","status-publish","format-standard","hentry","category-toque-musical-16-anos","tag-toque-musical-16-anos"],"_links":{"self":[{"href":"https:\/\/www.toque-musicall.com\/index.php?rest_route=\/wp\/v2\/posts\/9849","targetHints":{"allow":["GET"]}}],"collection":[{"href":"https:\/\/www.toque-musicall.com\/index.php?rest_route=\/wp\/v2\/posts"}],"about":[{"href":"https:\/\/www.toque-musicall.com\/index.php?rest_route=\/wp\/v2\/types\/post"}],"author":[{"embeddable":true,"href":"https:\/\/www.toque-musicall.com\/index.php?rest_route=\/wp\/v2\/users\/1"}],"replies":[{"embeddable":true,"href":"https:\/\/www.toque-musicall.com\/index.php?rest_route=%2Fwp%2Fv2%2Fcomments&post=9849"}],"version-history":[{"count":3,"href":"https:\/\/www.toque-musicall.com\/index.php?rest_route=\/wp\/v2\/posts\/9849\/revisions"}],"predecessor-version":[{"id":9853,"href":"https:\/\/www.toque-musicall.com\/index.php?rest_route=\/wp\/v2\/posts\/9849\/revisions\/9853"}],"wp:attachment":[{"href":"https:\/\/www.toque-musicall.com\/index.php?rest_route=%2Fwp%2Fv2%2Fmedia&parent=9849"}],"wp:term":[{"taxonomy":"category","embeddable":true,"href":"https:\/\/www.toque-musicall.com\/index.php?rest_route=%2Fwp%2Fv2%2Fcategories&post=9849"},{"taxonomy":"post_tag","embeddable":true,"href":"https:\/\/www.toque-musicall.com\/index.php?rest_route=%2Fwp%2Fv2%2Ftags&post=9849"}],"curies":[{"name":"wp","href":"https:\/\/api.w.org\/{rel}","templated":true}]}}