{"id":9854,"date":"2023-07-12T21:45:32","date_gmt":"2023-07-13T00:45:32","guid":{"rendered":"https:\/\/www.toque-musicall.com\/?p=9854"},"modified":"2023-07-30T21:49:05","modified_gmt":"2023-07-31T00:49:05","slug":"mariluce-baeta-cancoes-brasileiras-de-villa-lobos-1984","status":"publish","type":"post","link":"https:\/\/www.toque-musicall.com\/?p=9854","title":{"rendered":"Mariluce Baeta &#8211; Can\u00e7\u00f5es Brasileiras De Villa-Lobos (1984)"},"content":{"rendered":"\n<figure class=\"wp-block-image size-large\"><img decoding=\"async\" src=\"https:\/\/blogger.googleusercontent.com\/img\/b\/R29vZ2xl\/AVvXsEiB5OfQZLGDHKCDz2zzfxfCyh6rbo6wK_QKDwmWx5PxcZprtz_lbz649qHPZzAl8W5LatLtN9tnd5uxGypRuPaMw3stlSwdevKMvnLJgcdxVRrZgdv6qWCRCgn4vQxHzxMxdxPNHC37GCTfX8Pwd24FyUyA6Iw8O-7F63y8jSTrBUskXJ_DaC5VXbL-Xk9b\/w640-h638\/Capturar.JPG\" alt=\"\"\/><\/figure>\n\n\n\n<figure class=\"wp-block-image size-large\"><img decoding=\"async\" src=\"https:\/\/blogger.googleusercontent.com\/img\/b\/R29vZ2xl\/AVvXsEhRyao51myUtgIw-pe-ebJwNkI44w9Hf_RyU7lv0_qrzD1u27FJyS8AQ3Xk-kghK5bRukIp2Msa0gjF3AaMgqDmxmLocENE9eqS8As0WYSueGwNnmEXMS2Y-9kFCkAaYWU8N9qotwwqdAm_1h9FqzrdVa2JZek_FF5sN6x6F7NRcoCa024S9XpuDWWbUX6S\/w636-h640\/Capturarb.JPG\" alt=\"\"\/><\/figure>\n\n\n<div class=\"separator\">na paz do outono<\/div>\n<div class=\"separator\">redondilha n\u00ba11<\/div>\n<div class=\"separator\">desejo n\u00ba10<\/div>\n<div class=\"separator\">cantiga de vi\u00favo n\u00ba7<\/div>\n<div class=\"separator\">modinha n\u00ba5<\/div>\n<div class=\"separator\">o anjo da guarda n\u00ba2<\/div>\n<div class=\"separator\">abril n\u00ba9<\/div>\n<div class=\"separator\">realejo n\u00ba12<\/div>\n<div class=\"separator\">a menina e a can\u00e7\u00e3o<\/div>\n<div class=\"separator\">quero ser alegre<\/div>\n<div class=\"separator\">sertaneja<\/div>\n<div class=\"separator\">canide oiune-sabath &#8211; ave amarela<\/div>\n<div class=\"separator\">teir\u00fa &#8211; can\u00e7\u00e3o de morte dos \u00edndios perecis<\/div>\n<div class=\"separator\">iara<\/div>\n<div class=\"separator\">\u00a0<\/div>\n<div class=\"separator\">.<\/div>","protected":false},"excerpt":{"rendered":"<p>na paz do outono redondilha n\u00ba11 desejo n\u00ba10 cantiga de vi\u00favo n\u00ba7 modinha n\u00ba5 o anjo da guarda n\u00ba2 abril n\u00ba9 realejo n\u00ba12 a menina e a can\u00e7\u00e3o quero ser alegre sertaneja canide oiune-sabath &#8211; ave amarela teir\u00fa &#8211; can\u00e7\u00e3o &hellip; <a href=\"https:\/\/www.toque-musicall.com\/?p=9854\">Continue lendo <span class=\"meta-nav\">&rarr;<\/span><\/a><\/p>\n","protected":false},"author":1,"featured_media":0,"comment_status":"closed","ping_status":"closed","sticky":false,"template":"","format":"standard","meta":{"footnotes":""},"categories":[5387],"tags":[5291,5388,3017],"class_list":["post-9854","post","type-post","status-publish","format-standard","hentry","category-mariluce-baeta","tag-eruditos","tag-mariluce-baeta","tag-selo-independente"],"_links":{"self":[{"href":"https:\/\/www.toque-musicall.com\/index.php?rest_route=\/wp\/v2\/posts\/9854","targetHints":{"allow":["GET"]}}],"collection":[{"href":"https:\/\/www.toque-musicall.com\/index.php?rest_route=\/wp\/v2\/posts"}],"about":[{"href":"https:\/\/www.toque-musicall.com\/index.php?rest_route=\/wp\/v2\/types\/post"}],"author":[{"embeddable":true,"href":"https:\/\/www.toque-musicall.com\/index.php?rest_route=\/wp\/v2\/users\/1"}],"replies":[{"embeddable":true,"href":"https:\/\/www.toque-musicall.com\/index.php?rest_route=%2Fwp%2Fv2%2Fcomments&post=9854"}],"version-history":[{"count":1,"href":"https:\/\/www.toque-musicall.com\/index.php?rest_route=\/wp\/v2\/posts\/9854\/revisions"}],"predecessor-version":[{"id":9855,"href":"https:\/\/www.toque-musicall.com\/index.php?rest_route=\/wp\/v2\/posts\/9854\/revisions\/9855"}],"wp:attachment":[{"href":"https:\/\/www.toque-musicall.com\/index.php?rest_route=%2Fwp%2Fv2%2Fmedia&parent=9854"}],"wp:term":[{"taxonomy":"category","embeddable":true,"href":"https:\/\/www.toque-musicall.com\/index.php?rest_route=%2Fwp%2Fv2%2Fcategories&post=9854"},{"taxonomy":"post_tag","embeddable":true,"href":"https:\/\/www.toque-musicall.com\/index.php?rest_route=%2Fwp%2Fv2%2Ftags&post=9854"}],"curies":[{"name":"wp","href":"https:\/\/api.w.org\/{rel}","templated":true}]}}