{"id":9859,"date":"2023-07-17T20:50:33","date_gmt":"2023-07-17T23:50:33","guid":{"rendered":"https:\/\/www.toque-musicall.com\/?p=9859"},"modified":"2023-08-14T20:55:00","modified_gmt":"2023-08-14T23:55:00","slug":"clara-sverner-e-paulo-moura-vou-vivendo-1986","status":"publish","type":"post","link":"https:\/\/www.toque-musicall.com\/?p=9859","title":{"rendered":"Clara Sverner E Paulo Moura &#8211; Vou Vivendo (1986)"},"content":{"rendered":"\n<p><\/p>\n\n\n\n<figure class=\"wp-block-image size-large\"><img decoding=\"async\" src=\"https:\/\/blogger.googleusercontent.com\/img\/b\/R29vZ2xl\/AVvXsEgCrqFgJu-tR183xwA0OVtxd_9VTuPYxjovCocFJrkYjQrYYlpOyPCLjKSUg7PjL2uW9r2khDFX3y4nJZiOM2VAqq9z81HwvmyEV9NhjderkBYPejeYfGJW_g71S9_YF0mXeT7m4lKGajjh_i65armFb9-K8rrgT5VElQ5tsUjIdb-YcUHfYgG9HjGDikzN\/w634-h640\/Capturar.JPG\" alt=\"\"\/><\/figure>\n\n\n\n<figure class=\"wp-block-image size-large\"><img decoding=\"async\" src=\"https:\/\/blogger.googleusercontent.com\/img\/b\/R29vZ2xl\/AVvXsEj-oMqqvN9Re1yz4gdidL_O2wMEgkpXoCV_8BlSD2Rq2x4lT3jOFxRl62tTAFH4-LoJh1EBjdus68godFE0Aghdn0Z5o9EFfBJ3qlFTpYQ63R3SQWFUEBJrev4rNgfDPFmiJo6pDFZZxNCOao1BibKsulg6ujzp_N5RWW5nQ0e4wxnKH_rlj6V1mAATVpFO\/w640-h636\/Capturarb.JPG\" alt=\"\"\/><\/figure>\n\n\n<div class=\"separator\">vou vivendo<\/div>\n<div class=\"separator\">lamento<\/div>\n<div class=\"separator\">ing\u00eanuo<\/div>\n<div class=\"separator\">atraente<\/div>\n<div class=\"separator\">amap\u00e1<\/div>\n<div class=\"separator\">io t&#8217;amo<\/div>\n<div class=\"separator\">monotonia<\/div>\n<div class=\"separator\">samba-can\u00e7\u00e3o<\/div>\n<div class=\"separator\">devaneio<\/div>\n<div class=\"separator\">fantasia<\/div>\n<div class=\"separator\">\u00a0<\/div>\n<div class=\"separator\">.<\/div>","protected":false},"excerpt":{"rendered":"<p>vou vivendo lamento ing\u00eanuo atraente amap\u00e1 io t&#8217;amo monotonia samba-can\u00e7\u00e3o devaneio fantasia \u00a0 .<\/p>\n","protected":false},"author":1,"featured_media":0,"comment_status":"closed","ping_status":"closed","sticky":false,"template":"","format":"standard","meta":{"footnotes":""},"categories":[1],"tags":[5393,5291,5041,4938],"class_list":["post-9859","post","type-post","status-publish","format-standard","hentry","category-sem-categoria","tag-clara-sverner","tag-eruditos","tag-paulo-moura","tag-selo-emi-odeon-4"],"_links":{"self":[{"href":"https:\/\/www.toque-musicall.com\/index.php?rest_route=\/wp\/v2\/posts\/9859","targetHints":{"allow":["GET"]}}],"collection":[{"href":"https:\/\/www.toque-musicall.com\/index.php?rest_route=\/wp\/v2\/posts"}],"about":[{"href":"https:\/\/www.toque-musicall.com\/index.php?rest_route=\/wp\/v2\/types\/post"}],"author":[{"embeddable":true,"href":"https:\/\/www.toque-musicall.com\/index.php?rest_route=\/wp\/v2\/users\/1"}],"replies":[{"embeddable":true,"href":"https:\/\/www.toque-musicall.com\/index.php?rest_route=%2Fwp%2Fv2%2Fcomments&post=9859"}],"version-history":[{"count":1,"href":"https:\/\/www.toque-musicall.com\/index.php?rest_route=\/wp\/v2\/posts\/9859\/revisions"}],"predecessor-version":[{"id":9860,"href":"https:\/\/www.toque-musicall.com\/index.php?rest_route=\/wp\/v2\/posts\/9859\/revisions\/9860"}],"wp:attachment":[{"href":"https:\/\/www.toque-musicall.com\/index.php?rest_route=%2Fwp%2Fv2%2Fmedia&parent=9859"}],"wp:term":[{"taxonomy":"category","embeddable":true,"href":"https:\/\/www.toque-musicall.com\/index.php?rest_route=%2Fwp%2Fv2%2Fcategories&post=9859"},{"taxonomy":"post_tag","embeddable":true,"href":"https:\/\/www.toque-musicall.com\/index.php?rest_route=%2Fwp%2Fv2%2Ftags&post=9859"}],"curies":[{"name":"wp","href":"https:\/\/api.w.org\/{rel}","templated":true}]}}