{"id":987,"date":"2009-12-20T10:18:00","date_gmt":"2009-12-20T10:18:00","guid":{"rendered":"http:\/\/www.toque-musicall.com\/?p=987"},"modified":"2009-12-20T10:18:00","modified_gmt":"2009-12-20T10:18:00","slug":"chico-buarque-de-hollanda-na-italia-1968","status":"publish","type":"post","link":"https:\/\/www.toque-musicall.com\/?p=987","title":{"rendered":"Chico Buarque De Hollanda &#8211; Na It\u00e1lia (1968)"},"content":{"rendered":"<p><a href=\"http:\/\/2.bp.blogspot.com\/_DSKVEvHtskc\/Sy4G82qeR2I\/AAAAAAAAF30\/Sml4EkJRPAg\/s1600-h\/chico+P.JPG\"><img decoding=\"async\" style=\"display:block; margin:0px auto 10px; text-align:center;cursor:pointer; cursor:hand;width: 400px; height: 400px;\" src=\"http:\/\/2.bp.blogspot.com\/_DSKVEvHtskc\/Sy4G82qeR2I\/AAAAAAAAF30\/Sml4EkJRPAg\/s400\/chico+P.JPG\" border=\"0\" alt=\"\" id=\"BLOGGER_PHOTO_ID_5417275044308862818\" \/><\/a>Buongiorno a tutti! Hoje vamos de Chico Buarque, cantando em italiano. Um \u00e1lbum gravado na It\u00e1lia em 1968, com dire\u00e7\u00e3o musical de Toquinho. Eu n\u00e3o sei bem o porque, mas este disco sempre teve, para mim, um certo ar dominical e tamb\u00e9m natalino. Sendo o dia de hoje o \u00faltimo domingo que antecede ao Natal, eu n\u00e3o poderia deix\u00e1-lo de fora. Por certo, nele n\u00e3o h\u00e1 nenhuma m\u00fasica natalina, mas acredito que \u00e9 um bom presente para a data. Acho que eu fiz essa associa\u00e7\u00e3o porque em algum Natal passado (bem no passado) este disco foi parte da trilha sonora das minhas festividades familiar. Compartilho assim com voc\u00eas esse momento muito especial. Chico Buarque \u00e9 o tipo de artista que ca\u00ed bem em qualquer momento, n\u00e3o \u00e9 mesmo? E sobre ele n\u00e3o h\u00e1 muito ou pouco o que dizer que j\u00e1 n\u00e3o tenha sido dito. O melhor mesmo \u00e9 ouvi-lo e cantar com ele. Vamos nessa? \ud83d\ude42<\/p>\n<div><\/div>\n<div style=\"text-align: center;\">far niente (bom tempo)<\/div>\n<div style=\"text-align: center;\">la banda (a banda)<\/div>\n<div style=\"text-align: center;\">juca<\/div>\n<div style=\"text-align: center;\">ol\u00ea ol\u00e1<\/div>\n<div style=\"text-align: center;\">rita (a rita)<\/div>\n<div style=\"text-align: center;\">non vuoi ascoltar (voc\u00ea n\u00e3o ouviu)<\/div>\n<div style=\"text-align: center;\">una mia canzone (meu refr\u00e3o)<\/div>\n<div style=\"text-align: center;\">c&#8217;\u00e9 pi\u00fa samba (tem mais samba)<\/div>\n<div style=\"text-align: center;\">maddalena \u00e9 andata via (madalena foi pro mar)<\/div>\n<div style=\"text-align: center;\">carolina<\/div>\n<div style=\"text-align: center;\">pedro pedreiro<\/div>\n<div style=\"text-align: center;\">la tv (a televis\u00e3o)<\/div>\n<div style=\"text-align: center;\"><\/div>\n<div style=\"text-align: center;\"><\/div>\n","protected":false},"excerpt":{"rendered":"<p>Buongiorno a tutti! Hoje vamos de Chico Buarque, cantando em italiano. Um \u00e1lbum gravado na It\u00e1lia em 1968, com dire\u00e7\u00e3o musical de Toquinho. Eu n\u00e3o sei bem o porque, mas este disco sempre teve, para mim, um certo ar dominical &hellip; <a href=\"https:\/\/www.toque-musicall.com\/?p=987\">Continue lendo <span class=\"meta-nav\">&rarr;<\/span><\/a><\/p>\n","protected":false},"author":1,"featured_media":0,"comment_status":"open","ping_status":"closed","sticky":false,"template":"","format":"standard","meta":{"footnotes":""},"categories":[408],"tags":[],"class_list":["post-987","post","type-post","status-publish","format-standard","hentry","category-chico-buarque"],"_links":{"self":[{"href":"https:\/\/www.toque-musicall.com\/index.php?rest_route=\/wp\/v2\/posts\/987","targetHints":{"allow":["GET"]}}],"collection":[{"href":"https:\/\/www.toque-musicall.com\/index.php?rest_route=\/wp\/v2\/posts"}],"about":[{"href":"https:\/\/www.toque-musicall.com\/index.php?rest_route=\/wp\/v2\/types\/post"}],"author":[{"embeddable":true,"href":"https:\/\/www.toque-musicall.com\/index.php?rest_route=\/wp\/v2\/users\/1"}],"replies":[{"embeddable":true,"href":"https:\/\/www.toque-musicall.com\/index.php?rest_route=%2Fwp%2Fv2%2Fcomments&post=987"}],"version-history":[{"count":0,"href":"https:\/\/www.toque-musicall.com\/index.php?rest_route=\/wp\/v2\/posts\/987\/revisions"}],"wp:attachment":[{"href":"https:\/\/www.toque-musicall.com\/index.php?rest_route=%2Fwp%2Fv2%2Fmedia&parent=987"}],"wp:term":[{"taxonomy":"category","embeddable":true,"href":"https:\/\/www.toque-musicall.com\/index.php?rest_route=%2Fwp%2Fv2%2Fcategories&post=987"},{"taxonomy":"post_tag","embeddable":true,"href":"https:\/\/www.toque-musicall.com\/index.php?rest_route=%2Fwp%2Fv2%2Ftags&post=987"}],"curies":[{"name":"wp","href":"https:\/\/api.w.org\/{rel}","templated":true}]}}