{"id":989,"date":"2009-12-18T21:44:00","date_gmt":"2009-12-18T21:44:00","guid":{"rendered":"http:\/\/www.toque-musicall.com\/?p=989"},"modified":"2009-12-18T21:44:00","modified_gmt":"2009-12-18T21:44:00","slug":"renato-andrade-concerto-para-amigos-1983","status":"publish","type":"post","link":"https:\/\/www.toque-musicall.com\/?p=989","title":{"rendered":"Renato Andrade &#8211; Concerto Para Amigos (1983)"},"content":{"rendered":"<p><a href=\"http:\/\/2.bp.blogspot.com\/_DSKVEvHtskc\/Syv4iLGoU7I\/AAAAAAAAF3E\/BvonFB7f-KQ\/s1600-h\/capa+P.JPG\"><img decoding=\"async\" alt=\"\" border=\"0\" id=\"BLOGGER_PHOTO_ID_5416696242822992818\" src=\"http:\/\/2.bp.blogspot.com\/_DSKVEvHtskc\/Syv4iLGoU7I\/AAAAAAAAF3E\/BvonFB7f-KQ\/s400\/capa+P.JPG\" style=\"cursor: hand; cursor: pointer; display: block; height: 400px; margin: 0px auto 10px; text-align: center; width: 397px;\" \/><\/a>Aqui estamos em mais uma sexta-feira, dia onde normalmente tenho dedicado \u00e0 postagem de artistas ou \u00e1lbuns independentes. Hoje e mais uma vez farei de uma grava\u00e7\u00e3o caseira o correspondente a um disco sem gravadora, independente. O nosso \u00e1lbum de hoje \u00e9 um registro caseiro da viola de Renato Andrade. Trata-se de uma grava\u00e7\u00e3o feita em 1983, em Belo Horizonte, na casa de amigos do violeiro. Um encontro, uma festa descontraida, onde Renato toca diversas m\u00fasicas demonstrando o seu talento por quase uma hora. O cara era mesmo um grande conhecedor da viola. Privilegiados foram esses que estiveram com ele nesse dia e sorte nossa que algu\u00e9m lembrou de gravar. Ta\u00ed um tipo de \u00e1udio que tem tudo a ver com o Toque Musical. E como n\u00e3o podia deixar de ser, dei um trato na qualidade do som e criei esta capinha para fazer nossa postagem ficar ainda mais convidativa, interessante&#8230;  N\u00e3o consegui identificar a maioria das m\u00fasicas. Se algu\u00e9m se habilitar, mande a lista para mim. Eu prometo que fa\u00e7o a contracapa \ud83d\ude09<\/p>\n<div><\/div>\n<div><\/div>\n","protected":false},"excerpt":{"rendered":"<p>Aqui estamos em mais uma sexta-feira, dia onde normalmente tenho dedicado \u00e0 postagem de artistas ou \u00e1lbuns independentes. Hoje e mais uma vez farei de uma grava\u00e7\u00e3o caseira o correspondente a um disco sem gravadora, independente. O nosso \u00e1lbum de &hellip; <a href=\"https:\/\/www.toque-musicall.com\/?p=989\">Continue lendo <span class=\"meta-nav\">&rarr;<\/span><\/a><\/p>\n","protected":false},"author":1,"featured_media":0,"comment_status":"open","ping_status":"closed","sticky":false,"template":"","format":"standard","meta":{"footnotes":""},"categories":[11,1288],"tags":[],"class_list":["post-989","post","type-post","status-publish","format-standard","hentry","category-exclusivos-do-toque-musical","category-renato-andrade"],"_links":{"self":[{"href":"https:\/\/www.toque-musicall.com\/index.php?rest_route=\/wp\/v2\/posts\/989","targetHints":{"allow":["GET"]}}],"collection":[{"href":"https:\/\/www.toque-musicall.com\/index.php?rest_route=\/wp\/v2\/posts"}],"about":[{"href":"https:\/\/www.toque-musicall.com\/index.php?rest_route=\/wp\/v2\/types\/post"}],"author":[{"embeddable":true,"href":"https:\/\/www.toque-musicall.com\/index.php?rest_route=\/wp\/v2\/users\/1"}],"replies":[{"embeddable":true,"href":"https:\/\/www.toque-musicall.com\/index.php?rest_route=%2Fwp%2Fv2%2Fcomments&post=989"}],"version-history":[{"count":0,"href":"https:\/\/www.toque-musicall.com\/index.php?rest_route=\/wp\/v2\/posts\/989\/revisions"}],"wp:attachment":[{"href":"https:\/\/www.toque-musicall.com\/index.php?rest_route=%2Fwp%2Fv2%2Fmedia&parent=989"}],"wp:term":[{"taxonomy":"category","embeddable":true,"href":"https:\/\/www.toque-musicall.com\/index.php?rest_route=%2Fwp%2Fv2%2Fcategories&post=989"},{"taxonomy":"post_tag","embeddable":true,"href":"https:\/\/www.toque-musicall.com\/index.php?rest_route=%2Fwp%2Fv2%2Ftags&post=989"}],"curies":[{"name":"wp","href":"https:\/\/api.w.org\/{rel}","templated":true}]}}