{"id":9890,"date":"2023-08-21T18:28:57","date_gmt":"2023-08-21T21:28:57","guid":{"rendered":"https:\/\/www.toque-musicall.com\/?p=9890"},"modified":"2023-09-10T18:32:53","modified_gmt":"2023-09-10T21:32:53","slug":"madrigal-renascentista-musica-nova-do-brasil-1977","status":"publish","type":"post","link":"https:\/\/www.toque-musicall.com\/?p=9890","title":{"rendered":"Madrigal Renascentista &#8211; M\u00fasica Nova Do Brasil (1977)"},"content":{"rendered":"\n<figure class=\"wp-block-image size-large\"><img decoding=\"async\" src=\"https:\/\/blogger.googleusercontent.com\/img\/b\/R29vZ2xl\/AVvXsEimJLFnAL2nqM3vZPWA_Cz6lQKP7F0YE3YHD2SFVREnYIlb5LrR1Us2ic2zVE4L05SyBsvyg0iyRZe60iWl1wPOlZh5hlXKk8DaR7hswPCo85khNiEyviI9Ki-FHWmg26HL0aZmIgT3VsqAPMeeEbrm3fr1HwXtzxPPbz6WHoCcg10tuMYtp4kzLiWvG_EK\/w636-h640\/Capturar.JPG\" alt=\"\"\/><\/figure>\n\n\n\n<figure class=\"wp-block-image size-large\"><img decoding=\"async\" src=\"https:\/\/blogger.googleusercontent.com\/img\/b\/R29vZ2xl\/AVvXsEjOjdhVYsOSbbXLZD6n45tqdBrMAup4oXHERaXfQ0Y43KXWyawpfPlQ96PaXtbrPVtcmqlhATxpzIpzYnHiK_3UiPbQKuVAZsQZMjhWOI97ZQ5-NS07yEm3TOcH1oMZCSFfc9aS9ssefWtq-ZVLYQfva2IUekgstz8rMIVpDtGamdIritlYvWtC36DXqo1h\/w640-h626\/Capturarb.JPG\" alt=\"\"\/><\/figure>\n\n\n<div class=\"separator\">guerra peixe &#8211; s\u00e9rie xavante:\u00a0<\/div>\n<div class=\"separator\">ritual da perfura\u00e7\u00e3o da orelha<\/div>\n<div class=\"separator\">canto das mo\u00e7as<\/div>\n<div class=\"separator\">canto dos rapazes<\/div>\n<div class=\"separator\">corrida do buriti<\/div>\n<div class=\"separator\">ernst widmer &#8211; toada do amor<\/div>\n<div class=\"separator\">ronaldo miranda &#8211; belo belo<\/div>\n<div class=\"separator\">gilberto mendes &#8211; com som sem som<\/div>\n<div class=\"separator\">ricardo tacuchian &#8211; can\u00e7\u00e3o do barco<\/div>\n<div class=\"separator\">maria helena costa &#8211; aten\u00e7\u00e3o<\/div>\n<div class=\"separator\">lindembergue cardoso &#8211; caleidosc\u00f3pio<\/div>\n<div class=\"separator\">ernst widmer &#8211; salmo 150<\/div>\n<div class=\"separator\">\u00a0<\/div>\n<div class=\"separator\">\u00a0<\/div>\n<div class=\"separator\">.<\/div>","protected":false},"excerpt":{"rendered":"<p>guerra peixe &#8211; s\u00e9rie xavante:\u00a0 ritual da perfura\u00e7\u00e3o da orelha canto das mo\u00e7as canto dos rapazes corrida do buriti ernst widmer &#8211; toada do amor ronaldo miranda &#8211; belo belo gilberto mendes &#8211; com som sem som ricardo tacuchian &#8211; &hellip; <a href=\"https:\/\/www.toque-musicall.com\/?p=9890\">Continue lendo <span class=\"meta-nav\">&rarr;<\/span><\/a><\/p>\n","protected":false},"author":1,"featured_media":0,"comment_status":"closed","ping_status":"closed","sticky":false,"template":"","format":"standard","meta":{"footnotes":""},"categories":[1],"tags":[5291,5414,5271],"class_list":["post-9890","post","type-post","status-publish","format-standard","hentry","category-sem-categoria","tag-eruditos","tag-madrigal-renascentista","tag-selo-funarte"],"_links":{"self":[{"href":"https:\/\/www.toque-musicall.com\/index.php?rest_route=\/wp\/v2\/posts\/9890","targetHints":{"allow":["GET"]}}],"collection":[{"href":"https:\/\/www.toque-musicall.com\/index.php?rest_route=\/wp\/v2\/posts"}],"about":[{"href":"https:\/\/www.toque-musicall.com\/index.php?rest_route=\/wp\/v2\/types\/post"}],"author":[{"embeddable":true,"href":"https:\/\/www.toque-musicall.com\/index.php?rest_route=\/wp\/v2\/users\/1"}],"replies":[{"embeddable":true,"href":"https:\/\/www.toque-musicall.com\/index.php?rest_route=%2Fwp%2Fv2%2Fcomments&post=9890"}],"version-history":[{"count":1,"href":"https:\/\/www.toque-musicall.com\/index.php?rest_route=\/wp\/v2\/posts\/9890\/revisions"}],"predecessor-version":[{"id":9891,"href":"https:\/\/www.toque-musicall.com\/index.php?rest_route=\/wp\/v2\/posts\/9890\/revisions\/9891"}],"wp:attachment":[{"href":"https:\/\/www.toque-musicall.com\/index.php?rest_route=%2Fwp%2Fv2%2Fmedia&parent=9890"}],"wp:term":[{"taxonomy":"category","embeddable":true,"href":"https:\/\/www.toque-musicall.com\/index.php?rest_route=%2Fwp%2Fv2%2Fcategories&post=9890"},{"taxonomy":"post_tag","embeddable":true,"href":"https:\/\/www.toque-musicall.com\/index.php?rest_route=%2Fwp%2Fv2%2Ftags&post=9890"}],"curies":[{"name":"wp","href":"https:\/\/api.w.org\/{rel}","templated":true}]}}