{"id":9894,"date":"2023-08-25T18:42:41","date_gmt":"2023-08-25T21:42:41","guid":{"rendered":"https:\/\/www.toque-musicall.com\/?p=9894"},"modified":"2023-09-21T20:23:08","modified_gmt":"2023-09-21T23:23:08","slug":"monumento-da-musica-classica-brasileira-heitor-villa-lobos-cancoes-tipicas-brasileiras-1977","status":"publish","type":"post","link":"https:\/\/www.toque-musicall.com\/?p=9894","title":{"rendered":"Monumento Da M\u00fasica Cl\u00e1ssica Brasileira &#8211; Heitor Villa-Lobos &#8211; Can\u00e7\u00f5es T\u00edpicas Brasileiras (1977)"},"content":{"rendered":"\n<figure class=\"wp-block-image size-large\"><img decoding=\"async\" src=\"https:\/\/blogger.googleusercontent.com\/img\/b\/R29vZ2xl\/AVvXsEgTtXpgGCE9ay5sHtYfhkharKTmF8tQy6_dP-fDxTYr0YgB9-huUlP8YOUGEVjNsp3hAGJtpOc9zbvdL8tAXfmt_MJ2bh2gl9YhtP-06pm3CFuI5FWHuwuRCl5_UnIUI-37Uf4nmwfwS3tLH4xE0nX0gvS21Qm_tomXmUxR_Sk72duNI5vYcRjMVLfnC0vE\/w618-h640\/Capturar.JPG\" alt=\"\"\/><\/figure>\n\n\n\n<figure class=\"wp-block-image size-large\"><img decoding=\"async\" src=\"https:\/\/blogger.googleusercontent.com\/img\/b\/R29vZ2xl\/AVvXsEjk6GAmvQTvX6Z-HplzFP9GjN4cRdg1WRPxuu_gqgT6asXSht09r3yN_urlUl6aMkKeD1onVUdsVG9toownAnHdLuMsrsjceBSe4jxrys7U10xCRmm64KQQHhIHVWB8fhtSmO3oVerkH5EF2Hbx16Sln3zrHNY-61i-RJDm171MNkIsLoSA9rtN-TH7k2V0\/w640-h638\/Capturarb.JPG\" alt=\"\"\/><\/figure>\n\n\n<div class=\"separator\">mococ\u00ea-cemac\u00e1<\/div>\n<div class=\"separator\">nozani-na<\/div>\n<div class=\"separator\">papacurumiassu<\/div>\n<div class=\"separator\">xang\u00f4<\/div>\n<div class=\"separator\">estrela \u00e9 lua nova<\/div>\n<div class=\"separator\">adeus ema<\/div>\n<div class=\"separator\">p\u00e1lida madona<\/div>\n<div class=\"separator\">jardim fanado<\/div>\n<div class=\"separator\">can\u00e7\u00e3o de cristal<\/div>\n<div class=\"separator\">can\u00e7\u00e3o do poeta do s\u00e9culo XVIII<\/div>\n<div class=\"separator\">cantilena<\/div>\n<div class=\"separator\">vira portugu\u00eas<\/div>\n<div class=\"separator\">\u00a0<\/div>\n<div class=\"separator\">\u00a0<\/div>\n<div class=\"separator\">.<\/div>","protected":false},"excerpt":{"rendered":"<p>mococ\u00ea-cemac\u00e1 nozani-na papacurumiassu xang\u00f4 estrela \u00e9 lua nova adeus ema p\u00e1lida madona jardim fanado can\u00e7\u00e3o de cristal can\u00e7\u00e3o do poeta do s\u00e9culo XVIII cantilena vira portugu\u00eas \u00a0 \u00a0 .<\/p>\n","protected":false},"author":1,"featured_media":0,"comment_status":"closed","ping_status":"closed","sticky":false,"template":"","format":"standard","meta":{"footnotes":""},"categories":[5419],"tags":[5420,5421,5291,3939,4938,3207],"class_list":["post-9894","post","type-post","status-publish","format-standard","hentry","category-alceo-bocchino","tag-alceo-bocchino","tag-cristina-maristany","tag-eruditos","tag-heitor-villa-lobos","tag-selo-emi-odeon-4","tag-villa-lobos"],"_links":{"self":[{"href":"https:\/\/www.toque-musicall.com\/index.php?rest_route=\/wp\/v2\/posts\/9894","targetHints":{"allow":["GET"]}}],"collection":[{"href":"https:\/\/www.toque-musicall.com\/index.php?rest_route=\/wp\/v2\/posts"}],"about":[{"href":"https:\/\/www.toque-musicall.com\/index.php?rest_route=\/wp\/v2\/types\/post"}],"author":[{"embeddable":true,"href":"https:\/\/www.toque-musicall.com\/index.php?rest_route=\/wp\/v2\/users\/1"}],"replies":[{"embeddable":true,"href":"https:\/\/www.toque-musicall.com\/index.php?rest_route=%2Fwp%2Fv2%2Fcomments&post=9894"}],"version-history":[{"count":1,"href":"https:\/\/www.toque-musicall.com\/index.php?rest_route=\/wp\/v2\/posts\/9894\/revisions"}],"predecessor-version":[{"id":9895,"href":"https:\/\/www.toque-musicall.com\/index.php?rest_route=\/wp\/v2\/posts\/9894\/revisions\/9895"}],"wp:attachment":[{"href":"https:\/\/www.toque-musicall.com\/index.php?rest_route=%2Fwp%2Fv2%2Fmedia&parent=9894"}],"wp:term":[{"taxonomy":"category","embeddable":true,"href":"https:\/\/www.toque-musicall.com\/index.php?rest_route=%2Fwp%2Fv2%2Fcategories&post=9894"},{"taxonomy":"post_tag","embeddable":true,"href":"https:\/\/www.toque-musicall.com\/index.php?rest_route=%2Fwp%2Fv2%2Ftags&post=9894"}],"curies":[{"name":"wp","href":"https:\/\/api.w.org\/{rel}","templated":true}]}}