{"id":9909,"date":"2023-08-29T20:23:29","date_gmt":"2023-08-29T23:23:29","guid":{"rendered":"https:\/\/www.toque-musicall.com\/?p=9909"},"modified":"2023-09-21T20:26:10","modified_gmt":"2023-09-21T23:26:10","slug":"maura-moreira-o-canto-da-terra-1979","status":"publish","type":"post","link":"https:\/\/www.toque-musicall.com\/?p=9909","title":{"rendered":"Maura Moreira &#8211; O Canto Da Terra (1979)"},"content":{"rendered":"\n<p><\/p>\n\n\n\n<figure class=\"wp-block-image size-large\"><img decoding=\"async\" src=\"https:\/\/blogger.googleusercontent.com\/img\/b\/R29vZ2xl\/AVvXsEiABmumbqZlnR97ZbNMxifHTok0wC-5LjGoxy4vXqq_tsoV5Sxz2d_Cf9ra41_f-7sZ6IwDTOUVyj2MfSV-W4b92VCvr_fTHJ2iLXF8mRPTEFrPKL3wfqGnzqCup4KD7QkMV-4maWL_CTRpgdnUBlPCxjRHV768JJvc7NLs2uhGH3RtXLAcIoyMEStKVIzq\/w640-h638\/Capturar.JPG\" alt=\"\"\/><\/figure>\n\n\n\n<figure class=\"wp-block-image size-large\"><img decoding=\"async\" src=\"https:\/\/blogger.googleusercontent.com\/img\/b\/R29vZ2xl\/AVvXsEhtLAYH8otUgL-PLc8-eZwbqxrEVrySCozRpYWMZxMO57pXMa_XqxW6jwgFOhDKoOxrJRLsXzuLIZwyonOzypi1zfhNnCSwXxHFcEWeP1xVSb1RWVOGQxoC2W9YDaJ-xmeOjDx3vdIgG6-6OnI8quP7Pfr8dK133mUaBA8_s6fBjBcqrYchKbo_uSGJdD2Y\/w632-h640\/Capturarb.JPG\" alt=\"\"\/><\/figure>\n\n\n<div class=\"separator\">lendas amaz\u00f4nicas:<\/div>\n<div class=\"separator\">cobra grande<\/div>\n<div class=\"separator\">tamba-taj\u00e1<\/div>\n<div class=\"separator\">uirapuru<\/div>\n<div class=\"separator\">contos ind\u00edgenas:<\/div>\n<div class=\"separator\">tagnani-tangr\u00ea (canto religioso do \u00edndios nhambiquaras)<\/div>\n<div class=\"separator\">can\u00e7\u00f5es dos \u00edndios\u00a0 botucudos: c\u00e9u grande, macaco barbado na \u00e1rvore, minha mulher \u00e9 boa de verdade<\/div>\n<div class=\"separator\">tr\u00eas pontos de santo:<\/div>\n<div class=\"separator\">chari\u00f4<\/div>\n<div class=\"separator\">aruanda<\/div>\n<div class=\"separator\">estrela do mar<\/div>\n<div class=\"separator\">tr\u00eas cantos afro-brasilieros:o fulu-iorer\u00ea \u00ea<\/div>\n<div class=\"separator\">yemanj\u00e1<\/div>\n<div class=\"separator\">ab\u00e1 logum<\/div>\n<div class=\"separator\">\u00a0<\/div>\n<div class=\"separator\">.<\/div>","protected":false},"excerpt":{"rendered":"<p>lendas amaz\u00f4nicas: cobra grande tamba-taj\u00e1 uirapuru contos ind\u00edgenas: tagnani-tangr\u00ea (canto religioso do \u00edndios nhambiquaras) can\u00e7\u00f5es dos \u00edndios\u00a0 botucudos: c\u00e9u grande, macaco barbado na \u00e1rvore, minha mulher \u00e9 boa de verdade tr\u00eas pontos de santo: chari\u00f4 aruanda estrela do mar tr\u00eas &hellip; <a href=\"https:\/\/www.toque-musicall.com\/?p=9909\">Continue lendo <span class=\"meta-nav\">&rarr;<\/span><\/a><\/p>\n","protected":false},"author":1,"featured_media":0,"comment_status":"closed","ping_status":"closed","sticky":false,"template":"","format":"standard","meta":{"footnotes":""},"categories":[1],"tags":[5291,5423,5271,5424],"class_list":["post-9909","post","type-post","status-publish","format-standard","hentry","category-sem-categoria","tag-eruditos","tag-maura-moreira","tag-selo-funarte","tag-sonia-maria-vieira"],"_links":{"self":[{"href":"https:\/\/www.toque-musicall.com\/index.php?rest_route=\/wp\/v2\/posts\/9909","targetHints":{"allow":["GET"]}}],"collection":[{"href":"https:\/\/www.toque-musicall.com\/index.php?rest_route=\/wp\/v2\/posts"}],"about":[{"href":"https:\/\/www.toque-musicall.com\/index.php?rest_route=\/wp\/v2\/types\/post"}],"author":[{"embeddable":true,"href":"https:\/\/www.toque-musicall.com\/index.php?rest_route=\/wp\/v2\/users\/1"}],"replies":[{"embeddable":true,"href":"https:\/\/www.toque-musicall.com\/index.php?rest_route=%2Fwp%2Fv2%2Fcomments&post=9909"}],"version-history":[{"count":1,"href":"https:\/\/www.toque-musicall.com\/index.php?rest_route=\/wp\/v2\/posts\/9909\/revisions"}],"predecessor-version":[{"id":9910,"href":"https:\/\/www.toque-musicall.com\/index.php?rest_route=\/wp\/v2\/posts\/9909\/revisions\/9910"}],"wp:attachment":[{"href":"https:\/\/www.toque-musicall.com\/index.php?rest_route=%2Fwp%2Fv2%2Fmedia&parent=9909"}],"wp:term":[{"taxonomy":"category","embeddable":true,"href":"https:\/\/www.toque-musicall.com\/index.php?rest_route=%2Fwp%2Fv2%2Fcategories&post=9909"},{"taxonomy":"post_tag","embeddable":true,"href":"https:\/\/www.toque-musicall.com\/index.php?rest_route=%2Fwp%2Fv2%2Ftags&post=9909"}],"curies":[{"name":"wp","href":"https:\/\/api.w.org\/{rel}","templated":true}]}}