{"id":992,"date":"2009-12-15T09:44:00","date_gmt":"2009-12-15T09:44:00","guid":{"rendered":"http:\/\/www.toque-musicall.com\/?p=992"},"modified":"2009-12-15T09:44:00","modified_gmt":"2009-12-15T09:44:00","slug":"emilinha-borba-os-grandes-sucessos-de-emilinha-borba-1969","status":"publish","type":"post","link":"https:\/\/www.toque-musicall.com\/?p=992","title":{"rendered":"Emilinha Borba &#8211; Os Grandes Sucessos de Emilinha Borba (1969)"},"content":{"rendered":"<p><a href=\"http:\/\/1.bp.blogspot.com\/_DSKVEvHtskc\/Sydav_9sv5I\/AAAAAAAAF1w\/rxV0Bj2huEw\/s1600-h\/emilinha+P.JPG\"><img decoding=\"async\" style=\"display:block; margin:0px auto 10px; text-align:center;cursor:pointer; cursor:hand;width: 400px; height: 396px;\" src=\"http:\/\/1.bp.blogspot.com\/_DSKVEvHtskc\/Sydav_9sv5I\/AAAAAAAAF1w\/rxV0Bj2huEw\/s400\/emilinha+P.JPG\" border=\"0\" alt=\"\" id=\"BLOGGER_PHOTO_ID_5415396857606881170\" \/><\/a>Bom dia a todos! Verificando no blog, percebi que injustamente nunca postei um disco da cantora Emilinha Borba, exceto uma ou outra faixa com ela. Por outro lado j\u00e1 tivemos muitos da Marlene. Pessoalmente, na escolha de repert\u00f3rio, prefiro mesmo a Marlene, mas a Emilinha tamb\u00e9m tem seus encantos e acho que j\u00e1 \u00e9 hora de mostr\u00e1-los tamb\u00e9m. A cantora Emilinha Borba gravou ao longo de sua carreira centenas de discos. Fica at\u00e9 dif\u00edcil escolher entre tantos, um que representasse bem a figura da cantora, que tamb\u00e9m foi &#8220;A Rainha do R\u00e1dio&#8221;. Escolhi ent\u00e3o esta colet\u00e2nea lan\u00e7ada pela CBS em 1969, num per\u00edodo onde a cantora estava afastada do p\u00fablico, devido a um problema nas cordas vocais. Uma das coisas que acho mais interessantes na Emilinha \u00e9 o seu carisma. \u00c9 impressionante como a cantora conseguiu conquistar tantos f\u00e3s, mesmo numa fase onde a turma da sua \u00e9poca vivia um momento de ostracismo. Ela sempre se manteve emparelhada com sua rival Marlene. Afinal, quem j\u00e1 foi rainha n\u00e3o pode perder a majestade. Se manteve ativa at\u00e9 em seus \u00faltimos tempos. Sempre lembrada, sempre querida.<\/p>\n<div>Este disco, sem d\u00favida, n\u00e3o representa o que de melhor fez a cantora, mas pelo menos garante o seu lugar aqui no Toque Musical. Para aqueles f\u00e3s, de carteirinha ou n\u00e3o, deixo j\u00e1 avisado: ela ainda volta \ud83d\ude09<\/div>\n<div><\/div>\n<div style=\"text-align: center;\">hist\u00f3ria de minha vida<\/div>\n<div style=\"text-align: center;\">juntinhos \u00e9 melhor<\/div>\n<div style=\"text-align: center;\">cachito<\/div>\n<div style=\"text-align: center;\">castigo, meu amor<\/div>\n<div style=\"text-align: center;\">me leva pro c\u00e9u<\/div>\n<div style=\"text-align: center;\">boa noite meu bem<\/div>\n<div style=\"text-align: center;\">dez anos<\/div>\n<div style=\"text-align: center;\">milh\u00f5es de carinhos<\/div>\n<div style=\"text-align: center;\">chiquita bacana<\/div>\n<div style=\"text-align: center;\">benzinho<\/div>\n<div style=\"text-align: center;\">intriga<\/div>\n<div style=\"text-align: center;\">a menina da areia<\/div>\n<div style=\"text-align: center;\"><\/div>\n<div style=\"text-align: center;\"> <\/div>\n","protected":false},"excerpt":{"rendered":"<p>Bom dia a todos! Verificando no blog, percebi que injustamente nunca postei um disco da cantora Emilinha Borba, exceto uma ou outra faixa com ela. Por outro lado j\u00e1 tivemos muitos da Marlene. Pessoalmente, na escolha de repert\u00f3rio, prefiro mesmo &hellip; <a href=\"https:\/\/www.toque-musicall.com\/?p=992\">Continue lendo <span class=\"meta-nav\">&rarr;<\/span><\/a><\/p>\n","protected":false},"author":1,"featured_media":0,"comment_status":"open","ping_status":"closed","sticky":false,"template":"","format":"standard","meta":{"footnotes":""},"categories":[725],"tags":[],"class_list":["post-992","post","type-post","status-publish","format-standard","hentry","category-emilinha-borba"],"_links":{"self":[{"href":"https:\/\/www.toque-musicall.com\/index.php?rest_route=\/wp\/v2\/posts\/992","targetHints":{"allow":["GET"]}}],"collection":[{"href":"https:\/\/www.toque-musicall.com\/index.php?rest_route=\/wp\/v2\/posts"}],"about":[{"href":"https:\/\/www.toque-musicall.com\/index.php?rest_route=\/wp\/v2\/types\/post"}],"author":[{"embeddable":true,"href":"https:\/\/www.toque-musicall.com\/index.php?rest_route=\/wp\/v2\/users\/1"}],"replies":[{"embeddable":true,"href":"https:\/\/www.toque-musicall.com\/index.php?rest_route=%2Fwp%2Fv2%2Fcomments&post=992"}],"version-history":[{"count":0,"href":"https:\/\/www.toque-musicall.com\/index.php?rest_route=\/wp\/v2\/posts\/992\/revisions"}],"wp:attachment":[{"href":"https:\/\/www.toque-musicall.com\/index.php?rest_route=%2Fwp%2Fv2%2Fmedia&parent=992"}],"wp:term":[{"taxonomy":"category","embeddable":true,"href":"https:\/\/www.toque-musicall.com\/index.php?rest_route=%2Fwp%2Fv2%2Fcategories&post=992"},{"taxonomy":"post_tag","embeddable":true,"href":"https:\/\/www.toque-musicall.com\/index.php?rest_route=%2Fwp%2Fv2%2Ftags&post=992"}],"curies":[{"name":"wp","href":"https:\/\/api.w.org\/{rel}","templated":true}]}}