{"id":994,"date":"2009-12-13T22:32:00","date_gmt":"2009-12-13T22:32:00","guid":{"rendered":"http:\/\/www.toque-musicall.com\/?p=994"},"modified":"2009-12-13T22:32:00","modified_gmt":"2009-12-13T22:32:00","slug":"gilberto-gil-ao-vivo-na-escola-politecnica-da-usp-1973-repost","status":"publish","type":"post","link":"https:\/\/www.toque-musicall.com\/?p=994","title":{"rendered":"Gilberto Gil &#8211; Ao Vivo Na Escola Polit\u00e9cnica Da USP (1973) Repost!"},"content":{"rendered":"<p><a href=\"http:\/\/1.bp.blogspot.com\/_DSKVEvHtskc\/SyVsRKd5h3I\/AAAAAAAAF1Q\/KDCNvRqT2D4\/s1600-h\/Gil+capa+p.JPG\"><img decoding=\"async\" alt=\"\" border=\"0\" id=\"BLOGGER_PHOTO_ID_5414853169106225010\" src=\"http:\/\/1.bp.blogspot.com\/_DSKVEvHtskc\/SyVsRKd5h3I\/AAAAAAAAF1Q\/KDCNvRqT2D4\/s400\/Gil+capa+p.JPG\" style=\"cursor: hand; cursor: pointer; display: block; height: 399px; margin: 0px auto 10px; text-align: center; width: 400px;\" \/><\/a>Ol\u00e1 amigos cultos e ocultos! Hoje eu estou trazendo para voc\u00eas uma raridade das melhores. Uma colabora\u00e7\u00e3o do DJ Mandacaru, do site <a href=\"http:\/\/www.zeno.com.br\/\">Hipop\u00f3tamo Zeno<\/a>. Ele generosamente me enviou a dica do link referente \u00e0 grava\u00e7\u00e3o integral do lend\u00e1rio show de Gilberto Gil na Escola Polit\u00e9cnica da USP, em 1973. Este material, embora j\u00e1 tenha sido anunciado a quatro cantos na rede, j\u00e1 h\u00e1 sete anos atr\u00e1s, parece ter sido novamente esquecido. Apenas alguns poucos blogs chegaram a publicar os arquivos e mesmo assim incompletos. Pelas informa\u00e7\u00f5es que li, este material seria lan\u00e7ado comercialmente numa edi\u00e7\u00e3o especial em tr\u00eas cds, com o aval do artista. Se isto aconteceu realmente, eu n\u00e3o fiquei sabendo. Para mim, a coisa ficou apenas nos arquivos de som compartilhados na rede e sem os devidos tratamentos. Desta vez, temos tudo na \u00edntegra, num pacote que inclu\u00ed a re-remasteriza\u00e7\u00e3o, edi\u00e7\u00e3o das m\u00fasicas e capinhas\/encarte, confeccionados especialmente pelo Toque Musical. Acredito que o resultado ficou bastante aceit\u00e1vel. <\/p>\n<div>Em 1973, o estudante de geologia da USP, Alexandre Vanucci Leme, foi torturado e morto pela repress\u00e3o pol\u00edtica do regime militar. Gilberto Gil, que estava em S\u00e3o Paulo, ent\u00e3o rec\u00e9m chegado do ex\u00edlio, foi procurado pelos universit\u00e1rios que o convidaram para fazer um show de protesto, improvisado no campus. Por volta de umas duas mil pessoas assistiram a esta apresenta\u00e7\u00e3o nas depend\u00eancias da Escola Polit\u00e9cnica da USP. Gil tocou e conversou com o p\u00fablico durante tr\u00eas horas de show. Esta apresenta\u00e7\u00e3o foi registrada pelos estudantes em um gravador de rolo (benditos gravadores de rolo!). A fita ficou guardada e esquecida por um longo tempo. Apenas algumas poucas pessoas tiveram acesso a este material. As c\u00f3pias em fita K7 eram fragmentadas e com um som de m\u00e1 qualidade. Vinte anos depois a fita master foi encontrada e restaurada, inicialmente pelo m\u00fasico do Grupo Rumo, Paulo Tatit, para um projeto de lan\u00e7amento da grava\u00e7\u00e3o comercial em cd.<\/div>\n<div>Como eu disse, a grava\u00e7\u00e3o aqui apresentada foi extra\u00edda da fita original, integral e j\u00e1 remasterizada. Sua edi\u00e7\u00e3o posterior, para o Toque Musical, foi feita de maneira a n\u00e3o perder nenhuma informa\u00e7\u00e3o gravada. Est\u00e3o inclu\u00eddas, al\u00e9m das m\u00fasicas, as longas conversas de Gil com o p\u00fablico. Um servi\u00e7o completo e um registro acima de tudo, hist\u00f3rico!<\/div>\n<div><\/div>\n<div style=\"text-align: center;\">oriente<\/div>\n<div style=\"text-align: center;\">gil fala<\/div>\n<div style=\"text-align: center;\">chicletes com banana<\/div>\n<div style=\"text-align: center;\">minha n\u00eaga na janela<\/div>\n<div style=\"text-align: center;\">senhor delegado<\/div>\n<div style=\"text-align: center;\">eu quero um samba<\/div>\n<div style=\"text-align: center;\">meio de campo<\/div>\n<div style=\"text-align: center;\">c\u00e1lice<\/div>\n<div style=\"text-align: center;\">gil fala<\/div>\n<div style=\"text-align: center;\">o sonho acabou<\/div>\n<div style=\"text-align: center;\">ladeira da pregui\u00e7a<\/div>\n<div style=\"text-align: center;\">expresso 2222<\/div>\n<div style=\"text-align: center;\">prociss\u00e3o<\/div>\n<div style=\"text-align: center;\">gil fala<\/div>\n<div style=\"text-align: center;\">domingo no parque<\/div>\n<div style=\"text-align: center;\">gil fala<\/div>\n<div style=\"text-align: center;\">umeboshi<\/div>\n<div style=\"text-align: center;\">objeto sim objeto n\u00e3o<\/div>\n<div style=\"text-align: center;\">gil fala<\/div>\n<div style=\"text-align: center;\">ele e eu<\/div>\n<div style=\"text-align: center;\">noite morena<\/div>\n<div style=\"text-align: center;\">cidade de salvador<\/div>\n<div style=\"text-align: center;\">ians\u00e3<\/div>\n<div style=\"text-align: center;\">eu s\u00f3 quero um xod\u00f3<\/div>\n<div style=\"text-align: center;\">edith cooper<\/div>\n<div style=\"text-align: center;\">back in bahia<\/div>\n<div style=\"text-align: center;\">filhos de gandhi<\/div>\n<div style=\"text-align: center;\">eu preciso aprender a s\u00f3 ser<\/div>\n<div style=\"text-align: center;\">c\u00e1lice (final)<\/div>\n<div style=\"text-align: center;\">\n<\/div>\n<div style=\"text-align: center;\"><\/div>\n","protected":false},"excerpt":{"rendered":"<p>Ol\u00e1 amigos cultos e ocultos! Hoje eu estou trazendo para voc\u00eas uma raridade das melhores. Uma colabora\u00e7\u00e3o do DJ Mandacaru, do site Hipop\u00f3tamo Zeno. Ele generosamente me enviou a dica do link referente \u00e0 grava\u00e7\u00e3o integral do lend\u00e1rio show de &hellip; <a href=\"https:\/\/www.toque-musicall.com\/?p=994\">Continue lendo <span class=\"meta-nav\">&rarr;<\/span><\/a><\/p>\n","protected":false},"author":1,"featured_media":0,"comment_status":"open","ping_status":"closed","sticky":false,"template":"","format":"standard","meta":{"footnotes":""},"categories":[11,45,701],"tags":[],"class_list":["post-994","post","type-post","status-publish","format-standard","hentry","category-exclusivos-do-toque-musical","category-gilberto-gil","category-selo-toque-musical"],"_links":{"self":[{"href":"https:\/\/www.toque-musicall.com\/index.php?rest_route=\/wp\/v2\/posts\/994","targetHints":{"allow":["GET"]}}],"collection":[{"href":"https:\/\/www.toque-musicall.com\/index.php?rest_route=\/wp\/v2\/posts"}],"about":[{"href":"https:\/\/www.toque-musicall.com\/index.php?rest_route=\/wp\/v2\/types\/post"}],"author":[{"embeddable":true,"href":"https:\/\/www.toque-musicall.com\/index.php?rest_route=\/wp\/v2\/users\/1"}],"replies":[{"embeddable":true,"href":"https:\/\/www.toque-musicall.com\/index.php?rest_route=%2Fwp%2Fv2%2Fcomments&post=994"}],"version-history":[{"count":0,"href":"https:\/\/www.toque-musicall.com\/index.php?rest_route=\/wp\/v2\/posts\/994\/revisions"}],"wp:attachment":[{"href":"https:\/\/www.toque-musicall.com\/index.php?rest_route=%2Fwp%2Fv2%2Fmedia&parent=994"}],"wp:term":[{"taxonomy":"category","embeddable":true,"href":"https:\/\/www.toque-musicall.com\/index.php?rest_route=%2Fwp%2Fv2%2Fcategories&post=994"},{"taxonomy":"post_tag","embeddable":true,"href":"https:\/\/www.toque-musicall.com\/index.php?rest_route=%2Fwp%2Fv2%2Ftags&post=994"}],"curies":[{"name":"wp","href":"https:\/\/api.w.org\/{rel}","templated":true}]}}