{"id":9962,"date":"2023-10-07T19:03:16","date_gmt":"2023-10-07T22:03:16","guid":{"rendered":"https:\/\/www.toque-musicall.com\/?p=9962"},"modified":"2023-11-02T19:06:58","modified_gmt":"2023-11-02T22:06:58","slug":"recital-compositores-brasileiros-1978","status":"publish","type":"post","link":"https:\/\/www.toque-musicall.com\/?p=9962","title":{"rendered":"Recital &#8211; Compositores Brasileiros (1978)"},"content":{"rendered":"\n<figure class=\"wp-block-image size-large\"><img decoding=\"async\" src=\"https:\/\/blogger.googleusercontent.com\/img\/b\/R29vZ2xl\/AVvXsEibbS4Nvz8BWR44bxrNLNNeV9xk25oZDYzfdd5NJ7JZgiHZJAsHbeCv8bMG2zUvHF31e1G0WXY6o8V1b6ixC-p-GELSXhXC7IEJR5Uh2fuCisaJUHTRkqWFnHOpJGwe0Rm7E_xPnCqdWGsU5G9sfLZyuwBojUmRXYb1tJhUCpNPRGgPCYVQKd5g-BxtqGcY\/w632-h640\/Capturar.JPG\" alt=\"\"\/><\/figure>\n\n\n\n<figure class=\"wp-block-image size-large\"><img decoding=\"async\" src=\"https:\/\/blogger.googleusercontent.com\/img\/b\/R29vZ2xl\/AVvXsEjNfkpyFB5NdqN-3zmH5ok6aamge2aYDVYE34EhQfCeGIaQJ1rgdmocLgnHNfKx-Y49hDjaBaCIOEG8hqfiP8WkHxNdvEWD7idfO-zZuQ94R1lYFi6iFzO_2wbzrXFY2Z-D8KbWaTIDUWkABIzwSWR8uHqQCRLXiHvHWbY7pJ_TEdmVyxBxJMXL_3EuO_Au\/w640-h624\/Capturarb.JPG\" alt=\"\"\/><\/figure>\n\n\n<div class=\"separator\">ernst mahle &#8211; sonata para clarineta e piano<\/div>\n<div class=\"separator\">un poco largo &#8211; allegro<\/div>\n<div class=\"separator\">grave &#8211; rond\u00f3<\/div>\n<div class=\"separator\">osvaldo lacerda:<\/div>\n<div class=\"separator\">poema tirado de uma not\u00edcia de jornal<\/div>\n<div class=\"separator\">murm\u00fario<\/div>\n<div class=\"separator\">uma nota, uma s\u00f3 m\u00e3o<\/div>\n<div class=\"separator\">marco antonio guimar\u00e3es:<\/div>\n<div class=\"separator\">eterne<\/div>\n<div class=\"separator\">mario ficarelli &#8211; tr\u00eas cantos:<\/div>\n<div class=\"separator\">canto I<\/div>\n<div class=\"separator\">canto II<\/div>\n<div class=\"separator\">canto III<\/div>\n<div class=\"separator\">bruno kiefer &#8211; tr\u00eas poemas para voz grave, clarineta e piano:<\/div>\n<div class=\"separator\">o ex\u00edlio<\/div>\n<div class=\"separator\">poema da devasta\u00e7\u00e3o<\/div>\n<div class=\"separator\">est\u00e3o enferrujados<\/div>\n<div class=\"separator\">\u00a0<\/div>\n<div class=\"separator\">\u00a0<\/div>\n<div class=\"separator\">.<\/div>","protected":false},"excerpt":{"rendered":"<p>ernst mahle &#8211; sonata para clarineta e piano un poco largo &#8211; allegro grave &#8211; rond\u00f3 osvaldo lacerda: poema tirado de uma not\u00edcia de jornal murm\u00fario uma nota, uma s\u00f3 m\u00e3o marco antonio guimar\u00e3es: eterne mario ficarelli &#8211; tr\u00eas cantos: &hellip; <a href=\"https:\/\/www.toque-musicall.com\/?p=9962\">Continue lendo <span class=\"meta-nav\">&rarr;<\/span><\/a><\/p>\n","protected":false},"author":1,"featured_media":0,"comment_status":"closed","ping_status":"closed","sticky":false,"template":"","format":"standard","meta":{"footnotes":""},"categories":[1],"tags":[5370,5457,5291,5458,5459,3017],"class_list":["post-9962","post","type-post","status-publish","format-standard","hentry","category-sem-categoria","tag-bruno-kiefer","tag-ernst-mahle","tag-eruditos","tag-marco-antonio-guimaraes","tag-mario-ficarelli-2","tag-selo-independente"],"_links":{"self":[{"href":"https:\/\/www.toque-musicall.com\/index.php?rest_route=\/wp\/v2\/posts\/9962","targetHints":{"allow":["GET"]}}],"collection":[{"href":"https:\/\/www.toque-musicall.com\/index.php?rest_route=\/wp\/v2\/posts"}],"about":[{"href":"https:\/\/www.toque-musicall.com\/index.php?rest_route=\/wp\/v2\/types\/post"}],"author":[{"embeddable":true,"href":"https:\/\/www.toque-musicall.com\/index.php?rest_route=\/wp\/v2\/users\/1"}],"replies":[{"embeddable":true,"href":"https:\/\/www.toque-musicall.com\/index.php?rest_route=%2Fwp%2Fv2%2Fcomments&post=9962"}],"version-history":[{"count":1,"href":"https:\/\/www.toque-musicall.com\/index.php?rest_route=\/wp\/v2\/posts\/9962\/revisions"}],"predecessor-version":[{"id":9963,"href":"https:\/\/www.toque-musicall.com\/index.php?rest_route=\/wp\/v2\/posts\/9962\/revisions\/9963"}],"wp:attachment":[{"href":"https:\/\/www.toque-musicall.com\/index.php?rest_route=%2Fwp%2Fv2%2Fmedia&parent=9962"}],"wp:term":[{"taxonomy":"category","embeddable":true,"href":"https:\/\/www.toque-musicall.com\/index.php?rest_route=%2Fwp%2Fv2%2Fcategories&post=9962"},{"taxonomy":"post_tag","embeddable":true,"href":"https:\/\/www.toque-musicall.com\/index.php?rest_route=%2Fwp%2Fv2%2Ftags&post=9962"}],"curies":[{"name":"wp","href":"https:\/\/api.w.org\/{rel}","templated":true}]}}