{"id":9971,"date":"2023-10-15T18:26:20","date_gmt":"2023-10-15T21:26:20","guid":{"rendered":"https:\/\/www.toque-musicall.com\/?p=9971"},"modified":"2023-11-06T18:28:10","modified_gmt":"2023-11-06T21:28:10","slug":"oriano-interpreta-oriano-vol-i-1981","status":"publish","type":"post","link":"https:\/\/www.toque-musicall.com\/?p=9971","title":{"rendered":"Oriano Interpreta Oriano Vol. I (1981)"},"content":{"rendered":"\n<figure class=\"wp-block-image size-large\"><img decoding=\"async\" src=\"https:\/\/blogger.googleusercontent.com\/img\/b\/R29vZ2xl\/AVvXsEjVVXYfSKPs2Qs1VtC-zQY4PZVwpvIGoeEIY5JGaksUYunrJ5Hsbcrjsd_88TawzOevGXebl3ep8rTeortiYE0rv3ol_qIUS_bumMRbPIWB3uD15lkH_h8AopDdMTL6lruVl302BVIoiV_L8nQz_lKO4jdjPxzlt_dHpVO_NRY-Ln03HbgmhDv2gVRxrhXD\/w640-h640\/Capturar.JPG\" alt=\"\"\/><\/figure>\n\n\n\n<figure class=\"wp-block-image size-large\"><img decoding=\"async\" src=\"https:\/\/blogger.googleusercontent.com\/img\/b\/R29vZ2xl\/AVvXsEgHu9eVbsB5tNHY68nqWnaIXBw_jDgmW24jy-7va0GncyXXKq81nxLbyeFmwxHUKPeo21PWcFs6wrqtgTTM7OVQjRQDhcCIlG3FiJD2wW7zYYvxTzFUrzigjzHTQeOXbTLgeDlCaPIVEcOSpwkpMormC1BPu7MDyG-PRTmvaEmKBPVHCHQYdrM5pDCzoIXZ\/w640-h632\/Capturarb.JPG\" alt=\"\"\/><\/figure>\n\n\n<div class=\"separator\">convite no olhar<\/div>\n<div class=\"separator\">su\u00edte improviso \/ arabesque \/ valsinha<\/div>\n<div class=\"separator\">valsa de paris<\/div>\n<div class=\"separator\">valsa de vars\u00f3via<\/div>\n<div class=\"separator\">valsa de londres<\/div>\n<div class=\"separator\">can\u00e7\u00e3o de lilian<\/div>\n<div class=\"separator\">tema de paix\u00e3o e ternura<\/div>\n<div class=\"separator\">tempos idos<\/div>\n<div class=\"separator\">idilio no caramanch\u00e3o<\/div>\n<div class=\"separator\">cajueiro<\/div>\n<div class=\"separator\">eu sou de l\u00e1<\/div>\n<div class=\"separator\">\u00a0<\/div>\n<div class=\"separator\">\u00a0<\/div>\n<div class=\"separator\">.<\/div>","protected":false},"excerpt":{"rendered":"<p>convite no olhar su\u00edte improviso \/ arabesque \/ valsinha valsa de paris valsa de vars\u00f3via valsa de londres can\u00e7\u00e3o de lilian tema de paix\u00e3o e ternura tempos idos idilio no caramanch\u00e3o cajueiro eu sou de l\u00e1 \u00a0 \u00a0 .<\/p>\n","protected":false},"author":1,"featured_media":0,"comment_status":"closed","ping_status":"closed","sticky":false,"template":"","format":"standard","meta":{"footnotes":""},"categories":[1],"tags":[5291,5461,3017],"class_list":["post-9971","post","type-post","status-publish","format-standard","hentry","category-sem-categoria","tag-eruditos","tag-oriano-de-almeida","tag-selo-independente"],"_links":{"self":[{"href":"https:\/\/www.toque-musicall.com\/index.php?rest_route=\/wp\/v2\/posts\/9971","targetHints":{"allow":["GET"]}}],"collection":[{"href":"https:\/\/www.toque-musicall.com\/index.php?rest_route=\/wp\/v2\/posts"}],"about":[{"href":"https:\/\/www.toque-musicall.com\/index.php?rest_route=\/wp\/v2\/types\/post"}],"author":[{"embeddable":true,"href":"https:\/\/www.toque-musicall.com\/index.php?rest_route=\/wp\/v2\/users\/1"}],"replies":[{"embeddable":true,"href":"https:\/\/www.toque-musicall.com\/index.php?rest_route=%2Fwp%2Fv2%2Fcomments&post=9971"}],"version-history":[{"count":1,"href":"https:\/\/www.toque-musicall.com\/index.php?rest_route=\/wp\/v2\/posts\/9971\/revisions"}],"predecessor-version":[{"id":9972,"href":"https:\/\/www.toque-musicall.com\/index.php?rest_route=\/wp\/v2\/posts\/9971\/revisions\/9972"}],"wp:attachment":[{"href":"https:\/\/www.toque-musicall.com\/index.php?rest_route=%2Fwp%2Fv2%2Fmedia&parent=9971"}],"wp:term":[{"taxonomy":"category","embeddable":true,"href":"https:\/\/www.toque-musicall.com\/index.php?rest_route=%2Fwp%2Fv2%2Fcategories&post=9971"},{"taxonomy":"post_tag","embeddable":true,"href":"https:\/\/www.toque-musicall.com\/index.php?rest_route=%2Fwp%2Fv2%2Ftags&post=9971"}],"curies":[{"name":"wp","href":"https:\/\/api.w.org\/{rel}","templated":true}]}}