{"id":9977,"date":"2023-10-19T16:11:17","date_gmt":"2023-10-19T19:11:17","guid":{"rendered":"https:\/\/www.toque-musicall.com\/?p=9977"},"modified":"2023-11-17T16:15:39","modified_gmt":"2023-11-17T19:15:39","slug":"oriano-interpreta-oriano-vol-iii-1981","status":"publish","type":"post","link":"https:\/\/www.toque-musicall.com\/?p=9977","title":{"rendered":"Oriano Interpreta Oriano Vol. III (1981)"},"content":{"rendered":"\n<figure class=\"wp-block-image size-large\"><img decoding=\"async\" src=\"https:\/\/blogger.googleusercontent.com\/img\/b\/R29vZ2xl\/AVvXsEgGiAjt5bIphLIW0JTUXS9nMribhx4UbKEwbbpIKz40070SFcECkiAd4NpFtR5TGo3xqfDBODWIhFv4LchFRipch6M5Bghdhct0FqVr5kIgxTqs-xoJptuFAEXHZq8NQoPY_WuWWCCf3labM-17C5RENvtDBilKWGtTZt0sfrJdCBKRgfOBHpl3n4mjxoID\/w640-h638\/Capturar.JPG\" alt=\"\"\/><\/figure>\n\n\n\n<figure class=\"wp-block-image size-large\"><img decoding=\"async\" src=\"https:\/\/blogger.googleusercontent.com\/img\/b\/R29vZ2xl\/AVvXsEjBvIQmr_7QkbEGRlWowh4FiY_RwXKawv30AkglN3zTNi5HFJFty_n86Wutut4Fttn3inh2fPSLBbbiK4xvBxqNelINZq7xTUp3C0CXhLXrHH6KS-ZZadDYcI2LYNBc43B1mdcF5YJwvyoRd3v7bpbw4iXQOPc-OSTlHWGuKyBYpXyhO7ND476osfWGB7Ln\/w634-h640\/Capturarb.JPG\" alt=\"\"\/><\/figure>\n\n\n<div class=\"separator\">quando as nuvens eram nossas<\/div>\n<div class=\"separator\">aquele fiacre de roma<\/div>\n<div class=\"separator\">um blue para brahms<\/div>\n<div class=\"separator\">la rue lauriston<\/div>\n<div class=\"separator\">blue medieval<\/div>\n<div class=\"separator\">aquele realejo de pigalle<\/div>\n<div class=\"separator\">tr\u00eas movimentos po\u00e9ticos<\/div>\n<div class=\"separator\">varia\u00e7\u00f5es rom\u00e2nticas<\/div>\n<div class=\"separator\">\u00a0<\/div>\n<div class=\"separator\">\u00a0<\/div>\n<div class=\"separator\">.<\/div>","protected":false},"excerpt":{"rendered":"<p>quando as nuvens eram nossas aquele fiacre de roma um blue para brahms la rue lauriston blue medieval aquele realejo de pigalle tr\u00eas movimentos po\u00e9ticos varia\u00e7\u00f5es rom\u00e2nticas \u00a0 \u00a0 .<\/p>\n","protected":false},"author":1,"featured_media":0,"comment_status":"closed","ping_status":"closed","sticky":false,"template":"","format":"standard","meta":{"footnotes":""},"categories":[1],"tags":[5291,5461,3017],"class_list":["post-9977","post","type-post","status-publish","format-standard","hentry","category-sem-categoria","tag-eruditos","tag-oriano-de-almeida","tag-selo-independente"],"_links":{"self":[{"href":"https:\/\/www.toque-musicall.com\/index.php?rest_route=\/wp\/v2\/posts\/9977","targetHints":{"allow":["GET"]}}],"collection":[{"href":"https:\/\/www.toque-musicall.com\/index.php?rest_route=\/wp\/v2\/posts"}],"about":[{"href":"https:\/\/www.toque-musicall.com\/index.php?rest_route=\/wp\/v2\/types\/post"}],"author":[{"embeddable":true,"href":"https:\/\/www.toque-musicall.com\/index.php?rest_route=\/wp\/v2\/users\/1"}],"replies":[{"embeddable":true,"href":"https:\/\/www.toque-musicall.com\/index.php?rest_route=%2Fwp%2Fv2%2Fcomments&post=9977"}],"version-history":[{"count":1,"href":"https:\/\/www.toque-musicall.com\/index.php?rest_route=\/wp\/v2\/posts\/9977\/revisions"}],"predecessor-version":[{"id":9980,"href":"https:\/\/www.toque-musicall.com\/index.php?rest_route=\/wp\/v2\/posts\/9977\/revisions\/9980"}],"wp:attachment":[{"href":"https:\/\/www.toque-musicall.com\/index.php?rest_route=%2Fwp%2Fv2%2Fmedia&parent=9977"}],"wp:term":[{"taxonomy":"category","embeddable":true,"href":"https:\/\/www.toque-musicall.com\/index.php?rest_route=%2Fwp%2Fv2%2Fcategories&post=9977"},{"taxonomy":"post_tag","embeddable":true,"href":"https:\/\/www.toque-musicall.com\/index.php?rest_route=%2Fwp%2Fv2%2Ftags&post=9977"}],"curies":[{"name":"wp","href":"https:\/\/api.w.org\/{rel}","templated":true}]}}