{"id":9983,"date":"2023-10-23T16:21:21","date_gmt":"2023-10-23T19:21:21","guid":{"rendered":"https:\/\/www.toque-musicall.com\/?p=9983"},"modified":"2023-11-17T16:22:29","modified_gmt":"2023-11-17T19:22:29","slug":"a-musica-de-minas-gerais-do-seculo-xviii-1986","status":"publish","type":"post","link":"https:\/\/www.toque-musicall.com\/?p=9983","title":{"rendered":"A M\u00fasica De Minas Gerais Do S\u00e9culo XVIII (1986)"},"content":{"rendered":"\n<figure class=\"wp-block-image size-large\"><img decoding=\"async\" src=\"https:\/\/blogger.googleusercontent.com\/img\/b\/R29vZ2xl\/AVvXsEhm5K3DtbwTOXZsYB0ugdXyYAKJx0jrg5ODL4IMT6HQpG6OU_kyq4Uf0J27emU5zkx-WH1ybbHyrtJexUz1_4QdEcK27MnpnXV1sIdHOx-JDxJJEbypGyLQgug12h8bDYkr_fQE-46gjgZeSTzvfQdWciYOVNz_N82Cmo-aWVJDHJEtbis6WAo4EYnMahtT\/w640-h638\/Capturar.JPG\" alt=\"\"\/><\/figure>\n\n\n\n<figure class=\"wp-block-image size-large\"><img decoding=\"async\" src=\"https:\/\/blogger.googleusercontent.com\/img\/b\/R29vZ2xl\/AVvXsEiaGvrMhOitYLnceMMFpPxzQxKSgU37tlcZSF8OaAoHJLGQJXlZk4yN7pchRzdX-lHZXDlQOa2NDGb6Ni0S9b8FTKvk3vTAr7teJ0ha_hIuz6UgpF0ujem9dEH86ngx4KM6bFruJ_ZVfDTDoPDOVcEjUXf4DhzbLo01EMwLy3GwtLi3kM2KFg7huEEFJvf5\/w640-h628\/Capturarb.JPG\" alt=\"\"\/><\/figure>\n\n\n<div class=\"separator\">populae meus \/ cum descendentibus in lacum &#8211; gines de morata<\/div>\n<div class=\"separator\">regina coeli laetare &#8211; lobo de mesquita<\/div>\n<div class=\"separator\">ladainha em r\u00e9 &#8211; macos coelho neto<\/div>\n<div class=\"separator\">gradual para domingo de ressurrei\u00e7\u00e3o &#8211; lobo de mesquita<\/div>\n<div class=\"separator\">ant\u00edfona de nossa senhora &#8211; lobo de mesquita<\/div>\n<div class=\"separator\">\u00a0<\/div>\n<div class=\"separator\">\u00a0<\/div>\n<div class=\"separator\">\u00a0<\/div>\n<div class=\"separator\">\u00a0<\/div>","protected":false},"excerpt":{"rendered":"<p>populae meus \/ cum descendentibus in lacum &#8211; gines de morata regina coeli laetare &#8211; lobo de mesquita ladainha em r\u00e9 &#8211; macos coelho neto gradual para domingo de ressurrei\u00e7\u00e3o &#8211; lobo de mesquita ant\u00edfona de nossa senhora &#8211; lobo &hellip; <a href=\"https:\/\/www.toque-musicall.com\/?p=9983\">Continue lendo <span class=\"meta-nav\">&rarr;<\/span><\/a><\/p>\n","protected":false},"author":1,"featured_media":0,"comment_status":"closed","ping_status":"closed","sticky":false,"template":"","format":"standard","meta":{"footnotes":""},"categories":[1],"tags":[5467,5291,3017],"class_list":["post-9983","post","type-post","status-publish","format-standard","hentry","category-sem-categoria","tag-a-musica-de-mg-do-seculo-xviii","tag-eruditos","tag-selo-independente"],"_links":{"self":[{"href":"https:\/\/www.toque-musicall.com\/index.php?rest_route=\/wp\/v2\/posts\/9983","targetHints":{"allow":["GET"]}}],"collection":[{"href":"https:\/\/www.toque-musicall.com\/index.php?rest_route=\/wp\/v2\/posts"}],"about":[{"href":"https:\/\/www.toque-musicall.com\/index.php?rest_route=\/wp\/v2\/types\/post"}],"author":[{"embeddable":true,"href":"https:\/\/www.toque-musicall.com\/index.php?rest_route=\/wp\/v2\/users\/1"}],"replies":[{"embeddable":true,"href":"https:\/\/www.toque-musicall.com\/index.php?rest_route=%2Fwp%2Fv2%2Fcomments&post=9983"}],"version-history":[{"count":1,"href":"https:\/\/www.toque-musicall.com\/index.php?rest_route=\/wp\/v2\/posts\/9983\/revisions"}],"predecessor-version":[{"id":9984,"href":"https:\/\/www.toque-musicall.com\/index.php?rest_route=\/wp\/v2\/posts\/9983\/revisions\/9984"}],"wp:attachment":[{"href":"https:\/\/www.toque-musicall.com\/index.php?rest_route=%2Fwp%2Fv2%2Fmedia&parent=9983"}],"wp:term":[{"taxonomy":"category","embeddable":true,"href":"https:\/\/www.toque-musicall.com\/index.php?rest_route=%2Fwp%2Fv2%2Fcategories&post=9983"},{"taxonomy":"post_tag","embeddable":true,"href":"https:\/\/www.toque-musicall.com\/index.php?rest_route=%2Fwp%2Fv2%2Ftags&post=9983"}],"curies":[{"name":"wp","href":"https:\/\/api.w.org\/{rel}","templated":true}]}}